{"id":25918,"date":"2025-07-01T09:49:10","date_gmt":"2025-07-01T12:49:10","guid":{"rendered":"https:\/\/jm-metropole.com.br\/site\/?p=25918"},"modified":"2025-07-01T09:49:10","modified_gmt":"2025-07-01T12:49:10","slug":"projovem-itaqua-celebra-primeiro-ano-com-programacao-cultural-aberta-ao-publico","status":"publish","type":"post","link":"https:\/\/jm-metropole.com.br\/site\/projovem-itaqua-celebra-primeiro-ano-com-programacao-cultural-aberta-ao-publico\/","title":{"rendered":"ProJovem Itaqu\u00e1 celebra primeiro ano com programa\u00e7\u00e3o cultural aberta ao p\u00fablico"},"content":{"rendered":"<p>Evento teve troca de livros, roda de conversa, teatro e cinema<\/p>\n<p>O ProJovem Itaqu\u00e1 completou um ano de atua\u00e7\u00e3o e celebrou a data com uma programa\u00e7\u00e3o especial que reuniu cultura, reflex\u00e3o e participa\u00e7\u00e3o ativa da juventude. O evento aconteceu na sexta-feira (27) e movimentou os estudantes com atividades que refor\u00e7aram o compromisso do espa\u00e7o com a forma\u00e7\u00e3o e o protagonismo jovem.<\/p>\n<p>Durante a celebra\u00e7\u00e3o, foi promovida a Bancada Liter\u00e1ria, que incentivou a troca e doa\u00e7\u00e3o de livros, o 2\u00ba Papo Reto, com o tema &#8220;Diversidade e sexualidade: Por uma cidade mais plural e colorida&#8221;, comandado pela sex\u00f3loga e educadora Camila Bronetti, e a apresenta\u00e7\u00e3o do grupo teatral Taquaral, que encantou o p\u00fablico com o espet\u00e1culo &#8220;Um mergulho no tempo&#8221;.<\/p>\n<p>&#8220;Estamos muito felizes em celebrar o primeiro ano desse espa\u00e7o incr\u00edvel. \u00c9 uma iniciativa fundamental para promover a cultura, o di\u00e1logo e o protagonismo dos jovens. Temos o compromisso de continuar apoiando a\u00e7\u00f5es que incentivem a reflex\u00e3o, a diversidade e a express\u00e3o cultural&#8221;, destacou a secret\u00e1ria da Mulher, Direitos Humanos e Cidadania, Hadla Issa.<\/p>\n<p>Tamb\u00e9m ocorreu o encerramento da 14\u00aa Mostra Cinema e Direitos Humanos, al\u00e9m de atra\u00e7\u00f5es de fitdance e do Slam Palmares, refor\u00e7ando a diversidade de express\u00f5es culturais. &#8220;Valorizamos a juventude e incentivamos o protagonismo, a cultura e o di\u00e1logo. Nosso objetivo \u00e9 criar espa\u00e7os que promovam a reflex\u00e3o e a inclus\u00e3o, formando cidad\u00e3os mais conscientes e participativos&#8221;, completou o prefeito Eduardo Boigues.<\/p>\n<p>Fotos: Aline Sabino<\/p>\n","protected":false},"excerpt":{"rendered":"<p>Evento teve troca de livros, roda de conversa, teatro e cinema O ProJovem Itaqu\u00e1 completou um ano de atua\u00e7\u00e3o e celebrou a data com uma programa\u00e7\u00e3o especial que reuniu cultura, reflex\u00e3o e participa\u00e7\u00e3o ativa da juventude. O evento aconteceu na sexta-feira (27) e movimentou os estudantes com atividades que refor\u00e7aram o compromisso do espa\u00e7o com [&hellip;]<\/p>\n","protected":false},"author":1,"featured_media":25919,"comment_status":"open","ping_status":"open","sticky":false,"template":"","format":"standard","meta":{"footnotes":""},"categories":[6],"tags":[],"class_list":{"0":"post-25918","1":"post","2":"type-post","3":"status-publish","4":"format-standard","5":"has-post-thumbnail","7":"category-itaqua"},"_links":{"self":[{"href":"https:\/\/jm-metropole.com.br\/site\/wp-json\/wp\/v2\/posts\/25918","targetHints":{"allow":["GET"]}}],"collection":[{"href":"https:\/\/jm-metropole.com.br\/site\/wp-json\/wp\/v2\/posts"}],"about":[{"href":"https:\/\/jm-metropole.com.br\/site\/wp-json\/wp\/v2\/types\/post"}],"author":[{"embeddable":true,"href":"https:\/\/jm-metropole.com.br\/site\/wp-json\/wp\/v2\/users\/1"}],"replies":[{"embeddable":true,"href":"https:\/\/jm-metropole.com.br\/site\/wp-json\/wp\/v2\/comments?post=25918"}],"version-history":[{"count":1,"href":"https:\/\/jm-metropole.com.br\/site\/wp-json\/wp\/v2\/posts\/25918\/revisions"}],"predecessor-version":[{"id":25920,"href":"https:\/\/jm-metropole.com.br\/site\/wp-json\/wp\/v2\/posts\/25918\/revisions\/25920"}],"wp:featuredmedia":[{"embeddable":true,"href":"https:\/\/jm-metropole.com.br\/site\/wp-json\/wp\/v2\/media\/25919"}],"wp:attachment":[{"href":"https:\/\/jm-metropole.com.br\/site\/wp-json\/wp\/v2\/media?parent=25918"}],"wp:term":[{"taxonomy":"category","embeddable":true,"href":"https:\/\/jm-metropole.com.br\/site\/wp-json\/wp\/v2\/categories?post=25918"},{"taxonomy":"post_tag","embeddable":true,"href":"https:\/\/jm-metropole.com.br\/site\/wp-json\/wp\/v2\/tags?post=25918"}],"curies":[{"name":"wp","href":"https:\/\/api.w.org\/{rel}","templated":true}]}}