{"id":25915,"date":"2025-07-01T09:34:48","date_gmt":"2025-07-01T12:34:48","guid":{"rendered":"https:\/\/jm-metropole.com.br\/site\/?p=25915"},"modified":"2025-07-01T09:34:48","modified_gmt":"2025-07-01T12:34:48","slug":"aruja-passa-a-contar-com-mais-um-equipamento-de-saude-caps-ii-gilmar-celestino-da-costa-no-parque-rodrigo-barreto","status":"publish","type":"post","link":"https:\/\/jm-metropole.com.br\/site\/aruja-passa-a-contar-com-mais-um-equipamento-de-saude-caps-ii-gilmar-celestino-da-costa-no-parque-rodrigo-barreto\/","title":{"rendered":"Aruj\u00e1 passa a contar com mais um equipamento de sa\u00fade: CAPS II &#8216;Gilmar Celestino da Costa&#8217; no Parque Rodrigo Barreto"},"content":{"rendered":"<p>A cidade de Aruj\u00e1 conta agora com mais um equipamento de sa\u00fade mental, com a entrega do CAPS II (Centro de Aten\u00e7\u00e3o Psicossocial II) realizada na tarde desta segunda-feira (30). O pr\u00e9dio localizado na rua Maria de Lourdes Victorino, no Parque Rodrigo Barreto, carrega o nome de &#8220;Gilmar Celestino da Costa&#8221;, homenageando uma personalidade que contribuiu sobremaneira com a comunidade arujaense. No CAPS II do Barreto ser\u00e3o atendidos, preferencialmente, os adultos. O equipamento, que trata da sa\u00fade mental, soma-se ao CAPS j\u00e1 existente no Jardim Planalto e ter\u00e1 capacidade para atender, anualmente, cerca de 10 mil pessoas. O CAPS do Planalto, que j\u00e1 atende, aproximadamente, 8.230 pessoas ao ano ser\u00e1 transformado em uma esp\u00e9cie de CAPS-I para atender, prioritariamente, o p\u00fablico infantil. Tamb\u00e9m se mudar\u00e1 para o mesmo local o N\u00facleo de Apoio \u00e0 Sa\u00fade da Fam\u00edlia (NASF), que hoje funciona na rua Adhemar de Barros, 42, no Centro.<\/p>\n<p>O novo CAPS II conta com uma \u00e1rea constru\u00edda de 600 m\u00b2 distribu\u00edda entre dois dormit\u00f3rios com sanit\u00e1rios para garantir a privacidade e o conforto dos pacientes; salas de atendimento individual para proporcionar um ambiente tranquilo e seguro para as sess\u00f5es terap\u00eauticas; refeit\u00f3rio e uma \u00e1rea de conviv\u00eancia coberta e 19 salas e ambientes para abordar diferentes tipos de tratamento. Al\u00e9m disso, O CAPS II contar\u00e1 com uma equipe multidisciplinar composta por profissionais de Psicologia, Terapia Ocupacional e Psiquiatria, oferecendo atendimento especializado para os pacientes.<\/p>\n<p>O prefeito Luis Camargo, o Dr Camargo, comentou sobre a import\u00e2ncia da sa\u00fade mental p\u00f3s-pandemia: &#8220;Principalmente depois da pandemia, n\u00f3s nos demos conta de como a sa\u00fade mental se tornou e vem se tornando cada dia mais importante a ser cuidada. Hoje no Brasil, cerca de 18% da popula\u00e7\u00e3o sofre de algum problema ligado \u00e0 sa\u00fade mental, desde depress\u00e3o at\u00e9 algum tipo de transtorno, fobias. Ent\u00e3o, me deixa muito feliz termos a oportunidade de ampliar esse atendimento&#8221;.<\/p>\n<p>Leonardo dos Reis, secret\u00e1rio de Sa\u00fade do munic\u00edpio, por sua vez, comentou sobre a homologa\u00e7\u00e3o do equipamento no governo estadual: &#8220;Esse \u00e9 um equipamento que a gente vai receber do governo estadual para custe\u00e1-lo. Ent\u00e3o, n\u00e3o estamos criando d\u00e9ficit, estamos criando receita.&#8221;.<\/p>\n<p>A presidente da C\u00e2mara Municipal, Prof\u00aa Cris, elogiou o trabalho desempenhado pelo prefeito e pela primeira-dama Clau Camargo, que tem acompanhado de perto as demandas do munic\u00edpio. Ela comentou sobre o envio de emendas e a parceria do Legislativo com o Executivo: &#8220;Temos ajudado a Secretaria de Sa\u00fade com as nossas emendas impositivas, na qual 50% das emendas dos vereadores s\u00e3o encaminhadas integralmente para sa\u00fade, para que a gente possa ajudar os nossos mun\u00edcipes.&#8221;<\/p>\n<p>Os atendimentos ocorrer\u00e3o de segunda a sexta-feira das 8 \u00e0s 17h para o p\u00fablico adulto, a partir do dia 14. Crian\u00e7as e as fam\u00edlias que s\u00e3o atendidas pelo N\u00facleo de Apoio da Sa\u00fade da Fam\u00edlia (NASF) tamb\u00e9m ter\u00e3o um novo espa\u00e7o, no mesmo endere\u00e7o do CAPS, localizado no Jardim Planalto, que continuar\u00e1 com o atendimento, por\u00e9m voltado mais ao p\u00fablico infantil.<\/p>\n<p>Durante a cerim\u00f4nia, foi entregue \u00e0 fam\u00edlia do homenageado (Maria Aparecida Rossini &#8211; esposa, Breno e Luiza &#8211; filhos, Ana Rodrigues da Costa &#8211; m\u00e3e e Luci e Rosimar &#8211; irm\u00e3s) uma placa com dizeres sobre os feitos de Gilmar.<\/p>\n<p>Estiveram presentes na cerim\u00f4nia, a primeira-dama Clau Camargo, o vice-prefeito Rodolfo Machado, os vereadores Divinei da Silva, Juvenildo Barbosa, Ana do Esporte, Paulinho Maiolino, Professor Danilo, Renan de Aruj\u00e1 e Tiago Urs\u00e3o, assim como o secret\u00e1rio de Obras de Aruj\u00e1, Souz\u00e3o (pasta que atuou na constru\u00e7\u00e3o do espa\u00e7o), o secretariado municipal, servidores e a popula\u00e7\u00e3o.<\/p>\n<p>BIOGRAFIA<br \/>\nGilmar Celestino da Costa, o Guela, como era popularmente conhecido, nasceu em Aruj\u00e1 no dia 31 de mar\u00e7o de 1958. Foi casado com Maria Aparecida Rossini e teve tr\u00eas filhos: Rafael (in memoriam), Brenno e Lu\u00edsa. Sua fam\u00edlia atuava no ramo de minera\u00e7\u00e3o e foi respons\u00e1vel pela gera\u00e7\u00e3o de in\u00fameros empregos na cidade. Al\u00e9m do ramo de minera\u00e7\u00e3o, em que foi gerente da Pedreira Jaguari, atuou tamb\u00e9m nos ramos comercial e banc\u00e1rio.<\/p>\n<p>Guela elegeu-se vereador pela primeira vez em 1993 pelo PST, obtendo 211 votos, e tornou-se um dos principais colaboradores do ent\u00e3o presidente da C\u00e2mara Municipal para constru\u00e7\u00e3o da sede pr\u00f3pria do Legislativo. Cumpriu outros tr\u00eas mandatos: de 1997 a 2000 (9\u00aa Legislatura); de 2001 a 2004 (10\u00aa Legislatura) e de 2005 a 2008 (11\u00aa Legislatura). Presidiu a C\u00e2mara Municipal entre os anos de 2003 e 2004. Dentre seus trabalhos como parlamentar, foi autor de leis importantes para o Munic\u00edpio, como a que criou os programas de preven\u00e7\u00e3o permanente \u00e0 AIDS e de atendimento aos pacientes e familiares dos portadores do v\u00edrus HIV (Lei n\u00ba 1.116\/1996), al\u00e9m da que instituiu e incluiu o Dia Municipal do Nordestino no calend\u00e1rio de festividades da cidade (Lei n\u00ba 2.140\/2008).<\/p>\n<p>Gilmar nos deixou em agosto de 2024, aos 66 anos, e a partir desta data fica eternizado na cidade de Aruj\u00e1, dando nome ao rec\u00e9m-inaugurado pr\u00e9dio p\u00fablico.<\/p>\n","protected":false},"excerpt":{"rendered":"<p>A cidade de Aruj\u00e1 conta agora com mais um equipamento de sa\u00fade mental, com a entrega do CAPS II (Centro de Aten\u00e7\u00e3o Psicossocial II) realizada na tarde desta segunda-feira (30). O pr\u00e9dio localizado na rua Maria de Lourdes Victorino, no Parque Rodrigo Barreto, carrega o nome de &#8220;Gilmar Celestino da Costa&#8221;, homenageando uma personalidade que [&hellip;]<\/p>\n","protected":false},"author":1,"featured_media":25916,"comment_status":"open","ping_status":"open","sticky":false,"template":"","format":"standard","meta":{"footnotes":""},"categories":[4],"tags":[],"class_list":{"0":"post-25915","1":"post","2":"type-post","3":"status-publish","4":"format-standard","5":"has-post-thumbnail","7":"category-aruja"},"_links":{"self":[{"href":"https:\/\/jm-metropole.com.br\/site\/wp-json\/wp\/v2\/posts\/25915","targetHints":{"allow":["GET"]}}],"collection":[{"href":"https:\/\/jm-metropole.com.br\/site\/wp-json\/wp\/v2\/posts"}],"about":[{"href":"https:\/\/jm-metropole.com.br\/site\/wp-json\/wp\/v2\/types\/post"}],"author":[{"embeddable":true,"href":"https:\/\/jm-metropole.com.br\/site\/wp-json\/wp\/v2\/users\/1"}],"replies":[{"embeddable":true,"href":"https:\/\/jm-metropole.com.br\/site\/wp-json\/wp\/v2\/comments?post=25915"}],"version-history":[{"count":1,"href":"https:\/\/jm-metropole.com.br\/site\/wp-json\/wp\/v2\/posts\/25915\/revisions"}],"predecessor-version":[{"id":25917,"href":"https:\/\/jm-metropole.com.br\/site\/wp-json\/wp\/v2\/posts\/25915\/revisions\/25917"}],"wp:featuredmedia":[{"embeddable":true,"href":"https:\/\/jm-metropole.com.br\/site\/wp-json\/wp\/v2\/media\/25916"}],"wp:attachment":[{"href":"https:\/\/jm-metropole.com.br\/site\/wp-json\/wp\/v2\/media?parent=25915"}],"wp:term":[{"taxonomy":"category","embeddable":true,"href":"https:\/\/jm-metropole.com.br\/site\/wp-json\/wp\/v2\/categories?post=25915"},{"taxonomy":"post_tag","embeddable":true,"href":"https:\/\/jm-metropole.com.br\/site\/wp-json\/wp\/v2\/tags?post=25915"}],"curies":[{"name":"wp","href":"https:\/\/api.w.org\/{rel}","templated":true}]}}