{"id":25912,"date":"2025-07-01T08:08:33","date_gmt":"2025-07-01T11:08:33","guid":{"rendered":"https:\/\/jm-metropole.com.br\/site\/?p=25912"},"modified":"2025-07-01T08:08:33","modified_gmt":"2025-07-01T11:08:33","slug":"pf-passa-a-fazer-fiscalizacao-e-registro-de-cacs-a-partir-desta-terca","status":"publish","type":"post","link":"https:\/\/jm-metropole.com.br\/site\/pf-passa-a-fazer-fiscalizacao-e-registro-de-cacs-a-partir-desta-terca\/","title":{"rendered":"PF passa a fazer fiscaliza\u00e7\u00e3o e registro de CACs a partir desta ter\u00e7a"},"content":{"rendered":"<div class=\"header-noticia full-width\">\n<div class=\"linha-fina-noticia\">Anteriormente, a atribui\u00e7\u00e3o estava a cargo do Comando do Ex\u00e9rcito<\/div>\n<\/div>\n<div class=\"container-autoria\"><\/div>\n<div>\n<p><strong>A responsabilidade pelo registro das licen\u00e7as, controle e fiscaliza\u00e7\u00e3o das atividades de colecionadores, atiradores desportivos e ca\u00e7adores, os chamados CACs, passa a ser da Pol\u00edcia Federal (PF), a partir desta ter\u00e7a-feira (1\u00ba)<\/strong>. Anteriormente, a atribui\u00e7\u00e3o estava a cargo do Comando do Ex\u00e9rcito, conforme estabelece o\u00a0<a href=\"https:\/\/www.planalto.gov.br\/ccivil_03\/_ato2023-2026\/2023\/decreto\/d11615.htm\" target=\"_blank\" rel=\"noopener\">Decreto n\u00ba 11.615, de 21 de julho de 2023<\/a>.<img decoding=\"async\" src=\"https:\/\/agenciabrasil.ebc.com.br\/ebc.png?id=1648883&amp;o=node\" \/><img decoding=\"async\" src=\"https:\/\/agenciabrasil.ebc.com.br\/ebc.gif?id=1648883&amp;o=node\" \/><\/p>\n<p>Segundo a PF, a transi\u00e7\u00e3o ser\u00e1 feita aos poucos pelas superintend\u00eancias regionais. Entre as atribui\u00e7\u00f5es que a institui\u00e7\u00e3o assumir\u00e1 est\u00e3o o registro de pessoas f\u00edsicas e jur\u00eddicas para o exerc\u00edcio das atividades de colecionadores, tiro desportivo e ca\u00e7a excepcional; autoriza\u00e7\u00e3o para compra e transfer\u00eancia de armas; fiscaliza\u00e7\u00e3o das atividades exercidas por CACs; concess\u00e3o de guias de tr\u00e1fego e fiscaliza\u00e7\u00e3o e controle do com\u00e9rcio varejista para pessoa f\u00edsica.<\/p>\n<p>Na semana passada, a\u00a0<a href=\"https:\/\/agenciabrasil.ebc.com.br\/geral\/noticia\/2025-06\/pf-fiscalizara-atividades-de-cacs-partir-do-dia-1o-de-julho\" target=\"_blank\" rel=\"noopener\">PF anunciou est\u00e1 desenvolvendo um painel de\u00a0<em>Business Intelligence<\/em>\u00a0(BI)<\/a>\u00a0para trazer mais transpar\u00eancia aos dados estat\u00edsticos de processos relacionados aos CACs.\u00a0<strong>A nova ferramenta contar\u00e1 com dados sobre registros, tipos de armas mais comuns, quantidade de armas, n\u00famero de vistorias realizadas, autua\u00e7\u00f5es e apreens\u00f5es, entre outros.<\/strong><\/p>\n<h2>Relembre<\/h2>\n<p>Assinado pelo presidente da Rep\u00fablica, Luiz In\u00e1cio Lula da Silva, pelo ministro da Defesa, Jos\u00e9 M\u00facio, e pelo ent\u00e3o ministro da Justi\u00e7a e Seguran\u00e7a P\u00fablica, o atual ministro do Supremo Tribunal Federal (STF) Fl\u00e1vio Dino, o\u00a0<a href=\"https:\/\/www.planalto.gov.br\/ccivil_03\/_ato2023-2026\/2023\/decreto\/d11615.htm\" target=\"_blank\" rel=\"noopener\">Decreto n\u00ba 11.615<\/a>\u00a0regulamentou o Estatuto do Desarmamento.<\/p>\n<p>A legisla\u00e7\u00e3o estabelece novas regras para aquisi\u00e7\u00e3o, registro, posse, porte, cadastro e comercializa\u00e7\u00e3o nacional de armas de fogo, muni\u00e7\u00f5es e acess\u00f3rios. Ela define tamb\u00e9m que as atribui\u00e7\u00f5es de autoriza\u00e7\u00e3o, registro e fiscaliza\u00e7\u00e3o de armas de CACs passem do Ex\u00e9rcito para a PF.<\/p>\n<p><strong>A transi\u00e7\u00e3o progressiva de compet\u00eancias dos registros de CACs do Comando do Ex\u00e9rcito para a Pol\u00edcia Federal foi estabelecida em Acordo de Coopera\u00e7\u00e3o T\u00e9cnica (ACT), publicado em 19 de setembro de 2023. O primeiro termo aditivo a esse acordo, de 27 de dezembro, definiu a data de 1\u00ba de julho de 2025 para o in\u00edcio da fiscaliza\u00e7\u00e3o pela PF.<\/strong><\/p>\n<p>Em maio, o\u00a0<a href=\"https:\/\/agenciabrasil.ebc.com.br\/geral\/noticia\/2025-05\/policia-federal-assumira-fiscalizacao-de-cacs-e-registro-de-armas\" target=\"_blank\" rel=\"noopener\">Minist\u00e9rio da Justi\u00e7a destinou R$ 20 milh\u00f5es para a PF<\/a>\u00a0assumir a nova atribui\u00e7\u00e3o. De acordo com o secret\u00e1rio-executivo do minist\u00e9rio, Manoel Carlos de Almeida Neto, at\u00e9 o m\u00eas passado, 600 servidores da institui\u00e7\u00e3o j\u00e1 tinham sido qualificados para exercer as novas fun\u00e7\u00f5es e novas estruturas, como as delegacias e os n\u00facleos de Controle de Armas que est\u00e3o sendo criadas.<\/p>\n<p>*Com informa\u00e7\u00f5es de Ag\u00eancia Brasil<\/p>\n<\/div>\n","protected":false},"excerpt":{"rendered":"<p>Anteriormente, a atribui\u00e7\u00e3o estava a cargo do Comando do Ex\u00e9rcito A responsabilidade pelo registro das licen\u00e7as, controle e fiscaliza\u00e7\u00e3o das atividades de colecionadores, atiradores desportivos e ca\u00e7adores, os chamados CACs, passa a ser da Pol\u00edcia Federal (PF), a partir desta ter\u00e7a-feira (1\u00ba). Anteriormente, a atribui\u00e7\u00e3o estava a cargo do Comando do Ex\u00e9rcito, conforme estabelece o\u00a0Decreto [&hellip;]<\/p>\n","protected":false},"author":1,"featured_media":25913,"comment_status":"open","ping_status":"open","sticky":false,"template":"","format":"standard","meta":{"footnotes":""},"categories":[48],"tags":[],"class_list":{"0":"post-25912","1":"post","2":"type-post","3":"status-publish","4":"format-standard","5":"has-post-thumbnail","7":"category-geral"},"_links":{"self":[{"href":"https:\/\/jm-metropole.com.br\/site\/wp-json\/wp\/v2\/posts\/25912","targetHints":{"allow":["GET"]}}],"collection":[{"href":"https:\/\/jm-metropole.com.br\/site\/wp-json\/wp\/v2\/posts"}],"about":[{"href":"https:\/\/jm-metropole.com.br\/site\/wp-json\/wp\/v2\/types\/post"}],"author":[{"embeddable":true,"href":"https:\/\/jm-metropole.com.br\/site\/wp-json\/wp\/v2\/users\/1"}],"replies":[{"embeddable":true,"href":"https:\/\/jm-metropole.com.br\/site\/wp-json\/wp\/v2\/comments?post=25912"}],"version-history":[{"count":1,"href":"https:\/\/jm-metropole.com.br\/site\/wp-json\/wp\/v2\/posts\/25912\/revisions"}],"predecessor-version":[{"id":25914,"href":"https:\/\/jm-metropole.com.br\/site\/wp-json\/wp\/v2\/posts\/25912\/revisions\/25914"}],"wp:featuredmedia":[{"embeddable":true,"href":"https:\/\/jm-metropole.com.br\/site\/wp-json\/wp\/v2\/media\/25913"}],"wp:attachment":[{"href":"https:\/\/jm-metropole.com.br\/site\/wp-json\/wp\/v2\/media?parent=25912"}],"wp:term":[{"taxonomy":"category","embeddable":true,"href":"https:\/\/jm-metropole.com.br\/site\/wp-json\/wp\/v2\/categories?post=25912"},{"taxonomy":"post_tag","embeddable":true,"href":"https:\/\/jm-metropole.com.br\/site\/wp-json\/wp\/v2\/tags?post=25912"}],"curies":[{"name":"wp","href":"https:\/\/api.w.org\/{rel}","templated":true}]}}