{"id":25903,"date":"2025-07-01T08:02:21","date_gmt":"2025-07-01T11:02:21","guid":{"rendered":"https:\/\/jm-metropole.com.br\/site\/?p=25903"},"modified":"2025-07-01T08:02:21","modified_gmt":"2025-07-01T11:02:21","slug":"escandalo-do-baquirivu-pode-deixar-guti-inelegivel","status":"publish","type":"post","link":"https:\/\/jm-metropole.com.br\/site\/escandalo-do-baquirivu-pode-deixar-guti-inelegivel\/","title":{"rendered":"Esc\u00e2ndalo do Baquirivu pode deixar Guti ineleg\u00edvel"},"content":{"rendered":"<p>MP recebe relat\u00f3rio que pode tornar Guti ineleg\u00edvel por paralisa\u00e7\u00e3o de obra milion\u00e1ria em Guarulhos<\/p>\n<p>Ex-prefeito de Guarulhos, Guti est\u00e1 na mira da Justi\u00e7a. O MPSP (Minist\u00e9rio P\u00fablico do Estado de S\u00e3o Paulo) est\u00e1 analisando o documento que responsabiliza o chefe do Executivo entre 2017 e 2024 pela paralisa\u00e7\u00e3o de uma obra milion\u00e1ria de combate a enchentes no Baquirivu, prejudicando mais de 1.800 fam\u00edlias que vivem nas margens do rio.<\/p>\n<p>O relat\u00f3rio final da Comiss\u00e3o Especial de Inqu\u00e9rito (CEI), enviado ao MP pela C\u00e2mara Municipal de Guarulhos, conclui a investiga\u00e7\u00e3o do atraso nas obras do programa Viva Baquirivu e aponta graves falhas administrativas durante a gest\u00e3o de Guti \u00e0 frente da Prefeitura.<\/p>\n<p>Entre as principais suspeitas, est\u00e1 a falta de dota\u00e7\u00e3o or\u00e7ament\u00e1ria para a constru\u00e7\u00e3o de moradias e a contrata\u00e7\u00e3o de cerca de R$ 600 milh\u00f5es em empr\u00e9stimos sem a execu\u00e7\u00e3o de etapas essenciais, como os reservat\u00f3rios (piscin\u00f5es).<\/p>\n<p>A comiss\u00e3o ainda destacou a aus\u00eancia de Guti quando foi convocado, por duas vezes, a prestar esclarecimentos na C\u00e2mara Municipal. Se o MP acolher a den\u00fancia e encaminh\u00e1-la \u00e0 Justi\u00e7a, o ex-prefeito poder\u00e1 n\u00e3o ter como fugir dos tribunais e precisar\u00e1 explicar sua responsabilidade na paralisa\u00e7\u00e3o das obras no Rio Baquirivu.<\/p>\n<p>O MP, de posse do relat\u00f3rio final da CEI, poder\u00e1 avaliar a quantidade de provas para investigar Guti por improbidade administrativa. Em caso de condena\u00e7\u00e3o, o ex-prefeito de Guarulhos pode ser condenado a perder os direitos pol\u00edticos e tornar-se ineleg\u00edvel.Esc\u00e2ndalo do Baquirivu pode deixar Guti ineleg\u00edvel!<\/p>\n<p>MP recebe relat\u00f3rio que pode tornar Guti ineleg\u00edvel por paralisa\u00e7\u00e3o de obra milion\u00e1ria em Guarulhos<\/p>\n<p>Ex-prefeito de Guarulhos, Guti est\u00e1 na mira da Justi\u00e7a. O MPSP (Minist\u00e9rio P\u00fablico do Estado de S\u00e3o Paulo) est\u00e1 analisando o documento que responsabiliza o chefe do Executivo entre 2017 e 2024 pela paralisa\u00e7\u00e3o de uma obra milion\u00e1ria de combate a enchentes no Baquirivu, prejudicando mais de 1.800 fam\u00edlias que vivem nas margens do rio.<\/p>\n<p>O relat\u00f3rio final da Comiss\u00e3o Especial de Inqu\u00e9rito (CEI), enviado ao MP pela C\u00e2mara Municipal de Guarulhos, conclui a investiga\u00e7\u00e3o do atraso nas obras do programa Viva Baquirivu e aponta graves falhas administrativas durante a gest\u00e3o de Guti \u00e0 frente da Prefeitura.<\/p>\n<p>Entre as principais suspeitas, est\u00e1 a falta de dota\u00e7\u00e3o or\u00e7ament\u00e1ria para a constru\u00e7\u00e3o de moradias e a contrata\u00e7\u00e3o de cerca de R$ 600 milh\u00f5es em empr\u00e9stimos sem a execu\u00e7\u00e3o de etapas essenciais, como os reservat\u00f3rios (piscin\u00f5es).<\/p>\n<p>A comiss\u00e3o ainda destacou a aus\u00eancia de Guti quando foi convocado, por duas vezes, a prestar esclarecimentos na C\u00e2mara Municipal. Se o MP acolher a den\u00fancia e encaminh\u00e1-la \u00e0 Justi\u00e7a, o ex-prefeito poder\u00e1 n\u00e3o ter como fugir dos tribunais e precisar\u00e1 explicar sua responsabilidade na paralisa\u00e7\u00e3o das obras no Rio Baquirivu.<\/p>\n<p>O MP, de posse do relat\u00f3rio final da CEI, poder\u00e1 avaliar a quantidade de provas para investigar Guti por improbidade administrativa. Em caso de condena\u00e7\u00e3o, o ex-prefeito de Guarulhos pode ser condenado a perder os direitos pol\u00edticos e tornar-se ineleg\u00edvel.<\/p>\n","protected":false},"excerpt":{"rendered":"<p>MP recebe relat\u00f3rio que pode tornar Guti ineleg\u00edvel por paralisa\u00e7\u00e3o de obra milion\u00e1ria em Guarulhos Ex-prefeito de Guarulhos, Guti est\u00e1 na mira da Justi\u00e7a. O MPSP (Minist\u00e9rio P\u00fablico do Estado de S\u00e3o Paulo) est\u00e1 analisando o documento que responsabiliza o chefe do Executivo entre 2017 e 2024 pela paralisa\u00e7\u00e3o de uma obra milion\u00e1ria de combate [&hellip;]<\/p>\n","protected":false},"author":1,"featured_media":25904,"comment_status":"open","ping_status":"open","sticky":false,"template":"","format":"standard","meta":{"footnotes":""},"categories":[3],"tags":[],"class_list":{"0":"post-25903","1":"post","2":"type-post","3":"status-publish","4":"format-standard","5":"has-post-thumbnail","7":"category-guarulhos"},"_links":{"self":[{"href":"https:\/\/jm-metropole.com.br\/site\/wp-json\/wp\/v2\/posts\/25903","targetHints":{"allow":["GET"]}}],"collection":[{"href":"https:\/\/jm-metropole.com.br\/site\/wp-json\/wp\/v2\/posts"}],"about":[{"href":"https:\/\/jm-metropole.com.br\/site\/wp-json\/wp\/v2\/types\/post"}],"author":[{"embeddable":true,"href":"https:\/\/jm-metropole.com.br\/site\/wp-json\/wp\/v2\/users\/1"}],"replies":[{"embeddable":true,"href":"https:\/\/jm-metropole.com.br\/site\/wp-json\/wp\/v2\/comments?post=25903"}],"version-history":[{"count":1,"href":"https:\/\/jm-metropole.com.br\/site\/wp-json\/wp\/v2\/posts\/25903\/revisions"}],"predecessor-version":[{"id":25905,"href":"https:\/\/jm-metropole.com.br\/site\/wp-json\/wp\/v2\/posts\/25903\/revisions\/25905"}],"wp:featuredmedia":[{"embeddable":true,"href":"https:\/\/jm-metropole.com.br\/site\/wp-json\/wp\/v2\/media\/25904"}],"wp:attachment":[{"href":"https:\/\/jm-metropole.com.br\/site\/wp-json\/wp\/v2\/media?parent=25903"}],"wp:term":[{"taxonomy":"category","embeddable":true,"href":"https:\/\/jm-metropole.com.br\/site\/wp-json\/wp\/v2\/categories?post=25903"},{"taxonomy":"post_tag","embeddable":true,"href":"https:\/\/jm-metropole.com.br\/site\/wp-json\/wp\/v2\/tags?post=25903"}],"curies":[{"name":"wp","href":"https:\/\/api.w.org\/{rel}","templated":true}]}}