{"id":25891,"date":"2025-06-30T10:50:53","date_gmt":"2025-06-30T13:50:53","guid":{"rendered":"https:\/\/jm-metropole.com.br\/site\/?p=25891"},"modified":"2025-06-30T10:50:53","modified_gmt":"2025-06-30T13:50:53","slug":"prefeita-mara-bertaiolli-retoma-programa-rua-feliz-em-evento-com-mais-de-mil-pessoas","status":"publish","type":"post","link":"https:\/\/jm-metropole.com.br\/site\/prefeita-mara-bertaiolli-retoma-programa-rua-feliz-em-evento-com-mais-de-mil-pessoas\/","title":{"rendered":"Prefeita Mara Bertaiolli retoma programa Rua + Feliz em evento com mais de mil pessoas"},"content":{"rendered":"<p>A prefeita Mara Bertaiolli retomou neste s\u00e1bado (28\/06) o programa Rua + Feliz, com uma grande a\u00e7\u00e3o realizada na Escola Municipal Florisa Faustino Pinto, no Jardim Santos Dumont III. O evento, que marcou o rein\u00edcio do projeto, interrompido em 2021, reuniu mais de 1 mil pessoas, que acompanharam uma programa\u00e7\u00e3o diversificada, para todas as idades, das 10h \u00e0s 15h.<\/p>\n<p>Com previs\u00e3o de 50 edi\u00e7\u00f5es at\u00e9 o final de 2026, o programa Rua + Feliz passar\u00e1 por bairros de todas as regi\u00f5es da cidade, promovendo integra\u00e7\u00e3o comunit\u00e1ria, presta\u00e7\u00e3o de servi\u00e7os p\u00fablicos, lazer e cultura.<\/p>\n<p>\u201cO programa Rua + Feliz \u00e9 mais do que um dia de lazer. \u00c9 a presen\u00e7a da Prefeitura nos bairros, levando servi\u00e7os, cidadania, cultura e acolhimento para perto das fam\u00edlias mogianas. Estamos felizes em ver tantas crian\u00e7as e fam\u00edlias reunidas, aproveitando um dia feito com carinho para todos\u201d, destacou a prefeita Mara Bertaiolli.<\/p>\n<p>A programa\u00e7\u00e3o contou com apresenta\u00e7\u00f5es culturais e esportivas no palco central, incluindo a Banda Escolar Florisa Faustino Pinto, demonstra\u00e7\u00f5es de taekwondo e boxe, demonstra\u00e7\u00f5es dos alunos da escola, o espet\u00e1culo \u201cCombuca da Judite Circo\u201d e concursos de dan\u00e7a e embaixadinhas.<\/p>\n<p>Al\u00e9m da divers\u00e3o, os moradores puderam acessar diversos servi\u00e7os, como vacina\u00e7\u00e3o, avalia\u00e7\u00e3o odontol\u00f3gica, testagem r\u00e1pida de ISTs, tendimento para Cadastro \u00danico, atualiza\u00e7\u00e3o do Bolsa Fam\u00edlia, mutir\u00e3o de limpeza, manuten\u00e7\u00e3o da ilumina\u00e7\u00e3o p\u00fablica, a\u00e7\u00f5es da Campanha do Agasalho, coleta de tampinhas solid\u00e1rias, oficina de Tran\u00e7as Nag\u00f4, orienta\u00e7\u00e3o da Secretaria de Mobilidade Urbana, doa\u00e7\u00e3o de mudas e plantio de \u00e1rvores, conscientiza\u00e7\u00e3o sobre o uso correto da \u00e1gua, cl\u00ednicas de boxe, taekwondo, bocha adaptada e jogos de mesa como xadrez, damas e domin\u00f3, entre outros.<\/p>\n<p>A Guarda Civil Municipal e a 17\u00aa OAB levaram a\u00e7\u00f5es educativas e orienta\u00e7\u00e3o jur\u00eddica gratuita.<\/p>\n<p>A primeira edi\u00e7\u00e3o contemplou diretamente moradores do Jardim Santos Dumont I, II e III, Jardim Aeroporto I, II e III, Conjunto Santo \u00c2ngelo, Ch\u00e1cara Santo \u00c2ngelo, Residencial Yp\u00ea, Residencial Itapeti e Conjunto Bom Pastor &#8211; uma regi\u00e3o com popula\u00e7\u00e3o estimada em mais de 21 mil pessoas, sendo 3.565 crian\u00e7as e 1.400 na primeira inf\u00e2ncia.<\/p>\n<p>A equipe da escola tamb\u00e9m participou ativamente do evento, organizando a venda de comidas e bebidas no p\u00e1tio para arrecadar fundos \u00e0 Associa\u00e7\u00e3o de Pais e Mestres (APM).<\/p>\n<p>Tamb\u00e9m acompanharam o evento o vice-prefeito T\u00e9o Cusatis, o conselheiro do Tribunal de Contas do Estado de S\u00e3o Paulo, Marco Bertaiolli, o presidente da C\u00e2mara Municipal, Francim\u00e1rio Vieira de Macedo, o Farofa, e os vereadores Milton Lins (Big\u00eameos), Edson Santos, Pedro Komura, Juliano Botelho e Marcos Furlan.<\/p>\n<p>As pr\u00f3ximas edi\u00e7\u00f5es do programa podem ser consultadas no site da Prefeitura Municipal (www.mogidascruzes.sp.gov.br).<\/p>\n","protected":false},"excerpt":{"rendered":"<p>A prefeita Mara Bertaiolli retomou neste s\u00e1bado (28\/06) o programa Rua + Feliz, com uma grande a\u00e7\u00e3o realizada na Escola Municipal Florisa Faustino Pinto, no Jardim Santos Dumont III. O evento, que marcou o rein\u00edcio do projeto, interrompido em 2021, reuniu mais de 1 mil pessoas, que acompanharam uma programa\u00e7\u00e3o diversificada, para todas as idades, [&hellip;]<\/p>\n","protected":false},"author":1,"featured_media":25892,"comment_status":"open","ping_status":"open","sticky":false,"template":"","format":"standard","meta":{"footnotes":""},"categories":[10],"tags":[],"class_list":{"0":"post-25891","1":"post","2":"type-post","3":"status-publish","4":"format-standard","5":"has-post-thumbnail","7":"category-mogi-das-cruzes"},"_links":{"self":[{"href":"https:\/\/jm-metropole.com.br\/site\/wp-json\/wp\/v2\/posts\/25891","targetHints":{"allow":["GET"]}}],"collection":[{"href":"https:\/\/jm-metropole.com.br\/site\/wp-json\/wp\/v2\/posts"}],"about":[{"href":"https:\/\/jm-metropole.com.br\/site\/wp-json\/wp\/v2\/types\/post"}],"author":[{"embeddable":true,"href":"https:\/\/jm-metropole.com.br\/site\/wp-json\/wp\/v2\/users\/1"}],"replies":[{"embeddable":true,"href":"https:\/\/jm-metropole.com.br\/site\/wp-json\/wp\/v2\/comments?post=25891"}],"version-history":[{"count":1,"href":"https:\/\/jm-metropole.com.br\/site\/wp-json\/wp\/v2\/posts\/25891\/revisions"}],"predecessor-version":[{"id":25893,"href":"https:\/\/jm-metropole.com.br\/site\/wp-json\/wp\/v2\/posts\/25891\/revisions\/25893"}],"wp:featuredmedia":[{"embeddable":true,"href":"https:\/\/jm-metropole.com.br\/site\/wp-json\/wp\/v2\/media\/25892"}],"wp:attachment":[{"href":"https:\/\/jm-metropole.com.br\/site\/wp-json\/wp\/v2\/media?parent=25891"}],"wp:term":[{"taxonomy":"category","embeddable":true,"href":"https:\/\/jm-metropole.com.br\/site\/wp-json\/wp\/v2\/categories?post=25891"},{"taxonomy":"post_tag","embeddable":true,"href":"https:\/\/jm-metropole.com.br\/site\/wp-json\/wp\/v2\/tags?post=25891"}],"curies":[{"name":"wp","href":"https:\/\/api.w.org\/{rel}","templated":true}]}}