{"id":25888,"date":"2025-06-30T10:49:30","date_gmt":"2025-06-30T13:49:30","guid":{"rendered":"https:\/\/jm-metropole.com.br\/site\/?p=25888"},"modified":"2025-06-30T10:49:30","modified_gmt":"2025-06-30T13:49:30","slug":"segundo-dia-da-festa-das-nacoes-no-complexo-do-calango-traz-samprazer-para-agitar-o-publico","status":"publish","type":"post","link":"https:\/\/jm-metropole.com.br\/site\/segundo-dia-da-festa-das-nacoes-no-complexo-do-calango-traz-samprazer-para-agitar-o-publico\/","title":{"rendered":"SEGUNDO DIA DA FESTA DAS NA\u00c7\u00d5ES NO COMPLEXO DO CALANGO TRAZ SAMPRAZER PARA AGITAR O P\u00daBLICO"},"content":{"rendered":"<p>O segundo dia da Festa das Na\u00e7\u00f5es no Complexo do Calango, localizado na Avenida Dutra, 626, no Jardim Em\u00edlia, aconteceu neste s\u00e1bado (28) com muita anima\u00e7\u00e3o e samba no p\u00e9. A tarde de festividade em comemora\u00e7\u00e3o aos 173 anos de Aruj\u00e1, completados em 8 de junho, iniciou-se \u00e0s 16h, contando com apresenta\u00e7\u00f5es locais, gastronomia variada e brinquedos infl\u00e1veis para as crian\u00e7as.<\/p>\n<p>A programa\u00e7\u00e3o art\u00edstica ficou por conta do Ballet do Polo Esta\u00e7\u00e3o Cidadania, do Grupo Vocal da Escola de M\u00fasica, do grupo Tree Vibration e do Samprazer (atra\u00e7\u00e3o principal que foi aberta pela primeira-dama Clau Camargo e pelo secret\u00e1rio municipal de Cultura, Rog\u00e9rio da Padaria). Enfim, shows que trouxeram muita alegria e ritmo para todo o p\u00fablico, lembrando que esta foi a primeira vez que a Festa das Na\u00e7\u00f5es, al\u00e9m de ter acontecido nesse m\u00eas no Centro, como j\u00e1 \u00e9 tradi\u00e7\u00e3o, passou a ser descentralizada para os bairros.<\/p>\n<p>E tem mais!<\/p>\n<p>Confira a programa\u00e7\u00e3o completa deste domingo (29) a partir das 16h:<\/p>\n<p>&#8211; Orquestra de Viol\u00f5es<br \/>\n&#8211; Ritmos Camila Penteado<br \/>\n&#8211; Dudu Almeida<br \/>\n&#8211; Pagode Diminino<br \/>\n&#8211; Banda Antharis<\/p>\n","protected":false},"excerpt":{"rendered":"<p>O segundo dia da Festa das Na\u00e7\u00f5es no Complexo do Calango, localizado na Avenida Dutra, 626, no Jardim Em\u00edlia, aconteceu neste s\u00e1bado (28) com muita anima\u00e7\u00e3o e samba no p\u00e9. A tarde de festividade em comemora\u00e7\u00e3o aos 173 anos de Aruj\u00e1, completados em 8 de junho, iniciou-se \u00e0s 16h, contando com apresenta\u00e7\u00f5es locais, gastronomia variada [&hellip;]<\/p>\n","protected":false},"author":1,"featured_media":25889,"comment_status":"open","ping_status":"open","sticky":false,"template":"","format":"standard","meta":{"footnotes":""},"categories":[4],"tags":[],"class_list":{"0":"post-25888","1":"post","2":"type-post","3":"status-publish","4":"format-standard","5":"has-post-thumbnail","7":"category-aruja"},"_links":{"self":[{"href":"https:\/\/jm-metropole.com.br\/site\/wp-json\/wp\/v2\/posts\/25888","targetHints":{"allow":["GET"]}}],"collection":[{"href":"https:\/\/jm-metropole.com.br\/site\/wp-json\/wp\/v2\/posts"}],"about":[{"href":"https:\/\/jm-metropole.com.br\/site\/wp-json\/wp\/v2\/types\/post"}],"author":[{"embeddable":true,"href":"https:\/\/jm-metropole.com.br\/site\/wp-json\/wp\/v2\/users\/1"}],"replies":[{"embeddable":true,"href":"https:\/\/jm-metropole.com.br\/site\/wp-json\/wp\/v2\/comments?post=25888"}],"version-history":[{"count":1,"href":"https:\/\/jm-metropole.com.br\/site\/wp-json\/wp\/v2\/posts\/25888\/revisions"}],"predecessor-version":[{"id":25890,"href":"https:\/\/jm-metropole.com.br\/site\/wp-json\/wp\/v2\/posts\/25888\/revisions\/25890"}],"wp:featuredmedia":[{"embeddable":true,"href":"https:\/\/jm-metropole.com.br\/site\/wp-json\/wp\/v2\/media\/25889"}],"wp:attachment":[{"href":"https:\/\/jm-metropole.com.br\/site\/wp-json\/wp\/v2\/media?parent=25888"}],"wp:term":[{"taxonomy":"category","embeddable":true,"href":"https:\/\/jm-metropole.com.br\/site\/wp-json\/wp\/v2\/categories?post=25888"},{"taxonomy":"post_tag","embeddable":true,"href":"https:\/\/jm-metropole.com.br\/site\/wp-json\/wp\/v2\/tags?post=25888"}],"curies":[{"name":"wp","href":"https:\/\/api.w.org\/{rel}","templated":true}]}}