{"id":25882,"date":"2025-06-30T06:24:46","date_gmt":"2025-06-30T09:24:46","guid":{"rendered":"https:\/\/jm-metropole.com.br\/site\/?p=25882"},"modified":"2025-06-30T06:24:46","modified_gmt":"2025-06-30T09:24:46","slug":"corrida-noturna-dos-173-anos-de-aruja-reune-mais-de-2-mil-pessoas-na-avenida-mario-covas","status":"publish","type":"post","link":"https:\/\/jm-metropole.com.br\/site\/corrida-noturna-dos-173-anos-de-aruja-reune-mais-de-2-mil-pessoas-na-avenida-mario-covas\/","title":{"rendered":"CORRIDA NOTURNA DOS 173 ANOS DE ARUJ\u00c1 RE\u00daNE MAIS DE 2 MIL PESSOAS NA AVENIDA M\u00c1RIO COVAS"},"content":{"rendered":"<p>A noite deste s\u00e1bado (28) foi marcada pela tradicional Corrida e Caminhada do Anivers\u00e1rio de Aruj\u00e1 2025 &#8211; Night Run, que iniciou \u00e0s 19h na Avenida M\u00e1rio Covas, na altura do 6926, e reuniu mais de 2 mil participantes. Antes da largada, houve um aquecimento com alongamento, para preparar os participantes para a corrida de 5km e a caminhada de 3km.<\/p>\n<p>A primeira-dama e presidente do Fundo Social de Solidariedade, Clau Camargo, juntamente com o secret\u00e1rio de Esportes, Betinho, e toda a sua equipe, deram a largada no evento.<\/p>\n<p>Al\u00e9m de incentivar a pr\u00e1tica de esportes, a Corrida tamb\u00e9m contribuiu com atos solid\u00e1rios. Cada atleta doou 1kg de alimento n\u00e3o-perec\u00edvel, que ser\u00e1 destinado ao Fundo Social de Solidariedade de Aruj\u00e1, onde, posteriormente, ser\u00e1 enviado \u00e0s fam\u00edlias em situa\u00e7\u00e3o de vulnerabilidade social. E, para animar ainda mais o p\u00fablico, o evento tamb\u00e9m contou com a participa\u00e7\u00e3o especial do Pagode do Frango.<\/p>\n<p>Ao final da prova, as tr\u00eas maiores equipes receberam trof\u00e9us. O evento foi uma realiza\u00e7\u00e3o da Prefeitura, pela Secretaria Municipal de Esporte e organizado pelo grupo Corredores de Aruj\u00e1.<\/p>\n","protected":false},"excerpt":{"rendered":"<p>A noite deste s\u00e1bado (28) foi marcada pela tradicional Corrida e Caminhada do Anivers\u00e1rio de Aruj\u00e1 2025 &#8211; Night Run, que iniciou \u00e0s 19h na Avenida M\u00e1rio Covas, na altura do 6926, e reuniu mais de 2 mil participantes. Antes da largada, houve um aquecimento com alongamento, para preparar os participantes para a corrida de [&hellip;]<\/p>\n","protected":false},"author":1,"featured_media":25883,"comment_status":"open","ping_status":"open","sticky":false,"template":"","format":"standard","meta":{"footnotes":""},"categories":[4],"tags":[],"class_list":{"0":"post-25882","1":"post","2":"type-post","3":"status-publish","4":"format-standard","5":"has-post-thumbnail","7":"category-aruja"},"_links":{"self":[{"href":"https:\/\/jm-metropole.com.br\/site\/wp-json\/wp\/v2\/posts\/25882","targetHints":{"allow":["GET"]}}],"collection":[{"href":"https:\/\/jm-metropole.com.br\/site\/wp-json\/wp\/v2\/posts"}],"about":[{"href":"https:\/\/jm-metropole.com.br\/site\/wp-json\/wp\/v2\/types\/post"}],"author":[{"embeddable":true,"href":"https:\/\/jm-metropole.com.br\/site\/wp-json\/wp\/v2\/users\/1"}],"replies":[{"embeddable":true,"href":"https:\/\/jm-metropole.com.br\/site\/wp-json\/wp\/v2\/comments?post=25882"}],"version-history":[{"count":1,"href":"https:\/\/jm-metropole.com.br\/site\/wp-json\/wp\/v2\/posts\/25882\/revisions"}],"predecessor-version":[{"id":25884,"href":"https:\/\/jm-metropole.com.br\/site\/wp-json\/wp\/v2\/posts\/25882\/revisions\/25884"}],"wp:featuredmedia":[{"embeddable":true,"href":"https:\/\/jm-metropole.com.br\/site\/wp-json\/wp\/v2\/media\/25883"}],"wp:attachment":[{"href":"https:\/\/jm-metropole.com.br\/site\/wp-json\/wp\/v2\/media?parent=25882"}],"wp:term":[{"taxonomy":"category","embeddable":true,"href":"https:\/\/jm-metropole.com.br\/site\/wp-json\/wp\/v2\/categories?post=25882"},{"taxonomy":"post_tag","embeddable":true,"href":"https:\/\/jm-metropole.com.br\/site\/wp-json\/wp\/v2\/tags?post=25882"}],"curies":[{"name":"wp","href":"https:\/\/api.w.org\/{rel}","templated":true}]}}