{"id":25873,"date":"2025-06-30T06:19:40","date_gmt":"2025-06-30T09:19:40","guid":{"rendered":"https:\/\/jm-metropole.com.br\/site\/?p=25873"},"modified":"2025-06-30T06:19:40","modified_gmt":"2025-06-30T09:19:40","slug":"bortoleto-quebra-longo-jejum-brasileiro-na-f1-e-pontua-na-austria","status":"publish","type":"post","link":"https:\/\/jm-metropole.com.br\/site\/bortoleto-quebra-longo-jejum-brasileiro-na-f1-e-pontua-na-austria\/","title":{"rendered":"Bortoleto quebra longo jejum brasileiro na F1 e pontua na \u00c1ustria"},"content":{"rendered":"<div class=\"header-noticia full-width\">\n<div class=\"linha-fina-noticia\">Pa\u00eds n\u00e3o pontuava em corridas da categoria desde 2017<\/div>\n<\/div>\n<div class=\"container-autoria\"><\/div>\n<div>\n<div class=\"header-noticia full-width\">\n<div class=\"linha-fina-noticia\">\n<p>No topo da classifica\u00e7\u00e3o, o destaque do GP da \u00c1ustria, disputado neste domingo (29) em Spielberg, foi a vit\u00f3ria do brit\u00e2nico Lando Norris, da McLaren. No entanto, ao se olhar para os pr\u00f3ximos nomes na classifica\u00e7\u00e3o final da prova,\u00a0<strong>o brasileiro Gabriel Bortoleto, da Sauber, chamou a aten\u00e7\u00e3o ao pontuar pela primeira vez em sua ainda breve carreira na F\u00f3rmula 1<\/strong>.<img decoding=\"async\" src=\"https:\/\/agenciabrasil.ebc.com.br\/ebc.png?id=1648821&amp;o=node\" \/><img decoding=\"async\" src=\"https:\/\/agenciabrasil.ebc.com.br\/ebc.gif?id=1648821&amp;o=node\" \/><\/p>\n<p>O piloto paulista, de 20 anos, que largou na oitava coloca\u00e7\u00e3o, teve um bom desempenho e sustentou a posi\u00e7\u00e3o ao final das 71 voltas. Com isso, somou seus primeiros quatro pontos ap\u00f3s 11 corridas. Ele aparece na 19\u00aa coloca\u00e7\u00e3o no mundial de pilotos.\u00a0<strong>O Brasil n\u00e3o pontuava em uma prova da categoria desde 2017, no GP de Abu Dhabi, com Felipe Massa.<\/strong><\/p>\n<blockquote><p>&#8220;Eu sempre soube que era capaz disso. N\u00e3o estou na F\u00f3rmula 1 por acaso. Estou aqui porque um dia quero vencer. N\u00e3o vou ficar feliz apenas por somar alguns pontos, sabe? Mas claro que \u00e9 uma conquista&#8221;, disse o brasileiro em declara\u00e7\u00e3o ao site oficial da F1.<\/p><\/blockquote>\n<p>Durante a prova, a estrat\u00e9gia de\u00a0<em>pit stops<\/em>\u00a0de Bortoleto foi segura e permitiu a ele manter a posi\u00e7\u00e3o sem maiores sustos e at\u00e9 desafiar o veterano Fernando Alonso, da Aston Martin, que conseguiu segurar a s\u00e9tima posi\u00e7\u00e3o e suportar a press\u00e3o do brasileiro.<\/p>\n<p>Norris, da McLaren, largou na\u00a0<em>pole position<\/em>\u00a0e, assim como Bortoleto, manteve a posi\u00e7\u00e3o na bandeirada final. O companheiro de escuderia, Oscar Piastri, que largou no terceiro lugar, trocou de posi\u00e7\u00f5es com o cidad\u00e3o\u00a0de M\u00f4naco\u00a0Charles Leclerc, da Ferrari, conquistando o segundo lugar e deixando o advers\u00e1rio em terceiro. Na tabela de classifica\u00e7\u00e3o do campeonato, Piastri \u00e9 o l\u00edder, com 216 pontos, 15 a mais do que Norris.<\/p>\n<p>A pr\u00f3xima parada do circuito j\u00e1 \u00e9 no pr\u00f3ximo fim de semana (4 a 6 de julho), no GP da Gr\u00e3 Bretanha, disputado em Silverstone.<\/p>\n<p>*Com informa\u00e7\u00f5es de Ag\u00eancia Brasil<\/p>\n<\/div>\n<\/div>\n<div class=\"subheader\">\n<div class=\"container-autoria\"><\/div>\n<\/div>\n<\/div>\n","protected":false},"excerpt":{"rendered":"<p>Pa\u00eds n\u00e3o pontuava em corridas da categoria desde 2017 No topo da classifica\u00e7\u00e3o, o destaque do GP da \u00c1ustria, disputado neste domingo (29) em Spielberg, foi a vit\u00f3ria do brit\u00e2nico Lando Norris, da McLaren. No entanto, ao se olhar para os pr\u00f3ximos nomes na classifica\u00e7\u00e3o final da prova,\u00a0o brasileiro Gabriel Bortoleto, da Sauber, chamou a [&hellip;]<\/p>\n","protected":false},"author":1,"featured_media":25874,"comment_status":"open","ping_status":"open","sticky":false,"template":"","format":"standard","meta":{"footnotes":""},"categories":[12],"tags":[],"class_list":{"0":"post-25873","1":"post","2":"type-post","3":"status-publish","4":"format-standard","5":"has-post-thumbnail","7":"category-esporte"},"_links":{"self":[{"href":"https:\/\/jm-metropole.com.br\/site\/wp-json\/wp\/v2\/posts\/25873","targetHints":{"allow":["GET"]}}],"collection":[{"href":"https:\/\/jm-metropole.com.br\/site\/wp-json\/wp\/v2\/posts"}],"about":[{"href":"https:\/\/jm-metropole.com.br\/site\/wp-json\/wp\/v2\/types\/post"}],"author":[{"embeddable":true,"href":"https:\/\/jm-metropole.com.br\/site\/wp-json\/wp\/v2\/users\/1"}],"replies":[{"embeddable":true,"href":"https:\/\/jm-metropole.com.br\/site\/wp-json\/wp\/v2\/comments?post=25873"}],"version-history":[{"count":1,"href":"https:\/\/jm-metropole.com.br\/site\/wp-json\/wp\/v2\/posts\/25873\/revisions"}],"predecessor-version":[{"id":25875,"href":"https:\/\/jm-metropole.com.br\/site\/wp-json\/wp\/v2\/posts\/25873\/revisions\/25875"}],"wp:featuredmedia":[{"embeddable":true,"href":"https:\/\/jm-metropole.com.br\/site\/wp-json\/wp\/v2\/media\/25874"}],"wp:attachment":[{"href":"https:\/\/jm-metropole.com.br\/site\/wp-json\/wp\/v2\/media?parent=25873"}],"wp:term":[{"taxonomy":"category","embeddable":true,"href":"https:\/\/jm-metropole.com.br\/site\/wp-json\/wp\/v2\/categories?post=25873"},{"taxonomy":"post_tag","embeddable":true,"href":"https:\/\/jm-metropole.com.br\/site\/wp-json\/wp\/v2\/tags?post=25873"}],"curies":[{"name":"wp","href":"https:\/\/api.w.org\/{rel}","templated":true}]}}