{"id":25866,"date":"2025-06-28T08:28:22","date_gmt":"2025-06-28T11:28:22","guid":{"rendered":"https:\/\/jm-metropole.com.br\/site\/?p=25866"},"modified":"2025-06-28T08:28:22","modified_gmt":"2025-06-28T11:28:22","slug":"guarulhos-recebe-premio-por-acoes-de-conscientizacao-no-transito-no-maio-amarelo","status":"publish","type":"post","link":"https:\/\/jm-metropole.com.br\/site\/guarulhos-recebe-premio-por-acoes-de-conscientizacao-no-transito-no-maio-amarelo\/","title":{"rendered":"Guarulhos recebe pr\u00eamio por a\u00e7\u00f5es de conscientiza\u00e7\u00e3o no tr\u00e2nsito no Maio Amarelo"},"content":{"rendered":"<p>A cidade de Guarulhos recebeu pela primeira vez o Pr\u00eamio Destaques Maio Amarelo 2025 \u2013 \u201cA\u00e7\u00f5es do Poder P\u00fablico \u2013 Munic\u00edpios\u201d, na noite de quinta-feira (27), em evento promovido pelo Observat\u00f3rio Nacional de Seguran\u00e7a Vi\u00e1ria (ONSV), no Millenium Centro de Conven\u00e7\u00f5es, na capital paulista.<\/p>\n<p>O pr\u00eamio foi concedido ao munic\u00edpio em reconhecimento \u00e0s a\u00e7\u00f5es promovidas pela administra\u00e7\u00e3o municipal durante o m\u00eas de maio, per\u00edodo dedicado \u00e0 conscientiza\u00e7\u00e3o da sociedade sobre a import\u00e2ncia da seguran\u00e7a no tr\u00e2nsito.<\/p>\n<p>O secret\u00e1rio de Transportes e Mobilidade Urbana (STMU), Jo\u00e3o Ara\u00fajo, que representou a cidade no evento ao lado da secret\u00e1ria-adjunta Cristiane Ayres, destacou o desafio de organizar as a\u00e7\u00f5es do Maio Amarelo, assim como das pol\u00edticas que est\u00e3o sendo implementadas pela nova gest\u00e3o.<\/p>\n<p>\u201cFoi um grande desafio levar \u00e0 popula\u00e7\u00e3o a import\u00e2ncia da seguran\u00e7a vi\u00e1ria, assim como implementar pol\u00edticas p\u00fablicas que resgatem o orgulho do guarulhense em viver na cidade. Queremos entregar o que h\u00e1 de melhor at\u00e9 o final da nossa gest\u00e3o\u201d, afirmou Ara\u00fajo.<\/p>\n<p>Guarulhos foi reconhecida pela organiza\u00e7\u00e3o de diversas a\u00e7\u00f5es de conscientiza\u00e7\u00e3o, como a abertura oficial da campanha Maio Amarelo no Shopping Bonsucesso, o Pit Stop Motociclista, atividades educativas na regi\u00e3o central, palestras para estudantes de escolas estaduais do programa P.A.R.T.Y., palestras em empresas e secretarias municipais, a\u00e7\u00e3o integrada com o Detran-SP, a Pedalada do Bem no Bosque Maia, o Projeto Ciclista Seguro, mensagens nos pain\u00e9is digitais, exposi\u00e7\u00e3o do bal\u00e3o Maio Amarelo, instala\u00e7\u00e3o de faixas em Unidades B\u00e1sicas de Sa\u00fade (UBSs), produ\u00e7\u00e3o de podcast tem\u00e1tico, ilumina\u00e7\u00e3o especial em pr\u00e9dios p\u00fablicos, entre outras iniciativas.<\/p>\n<p>Ainda em 2025, o munic\u00edpio passou a integrar a Rede La\u00e7o Amarelo, do Observat\u00f3rio Nacional de Seguran\u00e7a Vi\u00e1ria, que promove a cultura da seguran\u00e7a vi\u00e1ria, bem como a ado\u00e7\u00e3o de pol\u00edticas p\u00fablicas que proponham solu\u00e7\u00f5es com impacto positivo para a sociedade e as futuras gera\u00e7\u00f5es.<\/p>\n<p>O evento reuniu autoridades, representantes do setor privado, entidades da sociedade civil e especialistas em seguran\u00e7a vi\u00e1ria.<\/p>\n<p>Sobre o pr\u00eamio<\/p>\n<p>O Destaque Maio Amarelo \u00e9 promovido pelo Observat\u00f3rio Nacional de Seguran\u00e7a Vi\u00e1ria (ONSV) e visa estimular a participa\u00e7\u00e3o de diversos setores da sociedade: iniciativa privada, poder p\u00fablico (federal, estadual e municipal), imprensa\/m\u00eddia, institui\u00e7\u00f5es de ensino e sociedade civil organizada.<\/p>\n<p>A campanha Maio Amarelo, que finaliza com a premia\u00e7\u00e3o, mobiliza estados, munic\u00edpios, escolas, empresas e a sociedade civil em torno do objetivo comum de reduzir sinistros e mortes no tr\u00e2nsito.<\/p>\n<p>O movimento tem grande abrang\u00eancia nacional, com a\u00e7\u00f5es ocorrendo em diversas cidades e envolvendo diferentes p\u00fablicos, desde crian\u00e7as em escolas at\u00e9 motoristas profissionais.<\/p>\n<p>A premia\u00e7\u00e3o reconhece a\u00e7\u00f5es em v\u00e1rias categorias, incluindo iniciativas da iniciativa privada, poder p\u00fablico (em suas diferentes esferas), imprensa\/m\u00eddia, institui\u00e7\u00f5es de ensino e sociedade civil organizada. Foram laureadas iniciativas que se destacaram por sua criatividade, impacto e contribui\u00e7\u00e3o para a conscientiza\u00e7\u00e3o sobre seguran\u00e7a vi\u00e1ria.<\/p>\n","protected":false},"excerpt":{"rendered":"<p>A cidade de Guarulhos recebeu pela primeira vez o Pr\u00eamio Destaques Maio Amarelo 2025 \u2013 \u201cA\u00e7\u00f5es do Poder P\u00fablico \u2013 Munic\u00edpios\u201d, na noite de quinta-feira (27), em evento promovido pelo Observat\u00f3rio Nacional de Seguran\u00e7a Vi\u00e1ria (ONSV), no Millenium Centro de Conven\u00e7\u00f5es, na capital paulista. O pr\u00eamio foi concedido ao munic\u00edpio em reconhecimento \u00e0s a\u00e7\u00f5es promovidas [&hellip;]<\/p>\n","protected":false},"author":1,"featured_media":25867,"comment_status":"open","ping_status":"open","sticky":false,"template":"","format":"standard","meta":{"footnotes":""},"categories":[3],"tags":[],"class_list":{"0":"post-25866","1":"post","2":"type-post","3":"status-publish","4":"format-standard","5":"has-post-thumbnail","7":"category-guarulhos"},"_links":{"self":[{"href":"https:\/\/jm-metropole.com.br\/site\/wp-json\/wp\/v2\/posts\/25866","targetHints":{"allow":["GET"]}}],"collection":[{"href":"https:\/\/jm-metropole.com.br\/site\/wp-json\/wp\/v2\/posts"}],"about":[{"href":"https:\/\/jm-metropole.com.br\/site\/wp-json\/wp\/v2\/types\/post"}],"author":[{"embeddable":true,"href":"https:\/\/jm-metropole.com.br\/site\/wp-json\/wp\/v2\/users\/1"}],"replies":[{"embeddable":true,"href":"https:\/\/jm-metropole.com.br\/site\/wp-json\/wp\/v2\/comments?post=25866"}],"version-history":[{"count":1,"href":"https:\/\/jm-metropole.com.br\/site\/wp-json\/wp\/v2\/posts\/25866\/revisions"}],"predecessor-version":[{"id":25868,"href":"https:\/\/jm-metropole.com.br\/site\/wp-json\/wp\/v2\/posts\/25866\/revisions\/25868"}],"wp:featuredmedia":[{"embeddable":true,"href":"https:\/\/jm-metropole.com.br\/site\/wp-json\/wp\/v2\/media\/25867"}],"wp:attachment":[{"href":"https:\/\/jm-metropole.com.br\/site\/wp-json\/wp\/v2\/media?parent=25866"}],"wp:term":[{"taxonomy":"category","embeddable":true,"href":"https:\/\/jm-metropole.com.br\/site\/wp-json\/wp\/v2\/categories?post=25866"},{"taxonomy":"post_tag","embeddable":true,"href":"https:\/\/jm-metropole.com.br\/site\/wp-json\/wp\/v2\/tags?post=25866"}],"curies":[{"name":"wp","href":"https:\/\/api.w.org\/{rel}","templated":true}]}}