{"id":25863,"date":"2025-06-28T08:27:12","date_gmt":"2025-06-28T11:27:12","guid":{"rendered":"https:\/\/jm-metropole.com.br\/site\/?p=25863"},"modified":"2025-06-28T08:27:12","modified_gmt":"2025-06-28T11:27:12","slug":"van-procon-nos-bairros-atendera-em-quatro-localidades-em-julho","status":"publish","type":"post","link":"https:\/\/jm-metropole.com.br\/site\/van-procon-nos-bairros-atendera-em-quatro-localidades-em-julho\/","title":{"rendered":"Van Procon nos Bairros atender\u00e1 em quatro localidades em julho"},"content":{"rendered":"<p>O projeto Procon nos Bairros atender\u00e1 a popula\u00e7\u00e3o no m\u00eas de julho em quatro localidades distintas: Vila Barros, Jardim Santa B\u00e1rbara, e em dois pontos diferentes no Parque Cecap (em frente \u00e0s EPGs Assis Ferreira e Yujie Hirata). O ve\u00edculo do Procon de Guarulhos disponibiliza toda semana em locais diferentes do munic\u00edpio os mesmos servi\u00e7os oferecidos por suas tr\u00eas ag\u00eancias, no hor\u00e1rio das 10h \u00e0s 16h.<\/p>\n<p>Na ter\u00e7a-feira (1\u00ba de julho), os moradores da Vila Barros e arredores contar\u00e3o com o atendimento da unidade m\u00f3vel do projeto, que estar\u00e1 estacionada em frente \u00e0 UBS Vila Barros (rua Carlos Korkischko, 300). Na semana seguinte, dia 8 (ter\u00e7a-feira), ser\u00e1 a vez do Jardim Santa B\u00e1rbara receber os servi\u00e7os do ve\u00edculo que estar\u00e1 em frente \u00e0 EPG Assis Ferreira (rua Jos\u00e9 Manoel da Cunha, 109).<\/p>\n<p>J\u00e1 no dia 17 (quinta-feira), a van do Procon Guarulhos estar\u00e1 em frente \u00e0 EPG Yujie Hirata (alameda das Magn\u00f3lias, s\/n\u00ba), no Parque Cecap. Encerrando o m\u00eas, no dia 24 (quinta-feira) a unidade itinerante atender\u00e1 a popula\u00e7\u00e3o em frente \u00e0 EPG Profa. Zulma Castanheira de Oliveira (avenida Odair Santanelli, 1.000), tamb\u00e9m no Cecap.<\/p>\n<p>Desbloqueio da Nota Fiscal Paulista, orienta\u00e7\u00f5es e abertura de reclama\u00e7\u00f5es est\u00e3o entre os servi\u00e7os oferecidos pelo projeto Procon nos Bairros, que tamb\u00e9m disponibiliza seus agentes para verificar eventuais queixas de consumidores sobre estabelecimentos comerciais nas imedia\u00e7\u00f5es que desrespeitam o C\u00f3digo de Prote\u00e7\u00e3o e Defesa do Consumidor.<\/p>\n<p>Atendimentos<\/p>\n<p>Os atendimentos presenciais ocorrem de segunda a sexta-feira, das 8h \u00e0s 16h, nas seguintes unidades:<br \/>\nProcon Central: rua Sete de Setembro, 164, Centro<br \/>\nProcon S\u00e3o Jo\u00e3o: rua Mesquita, 29, Jardim S\u00e3o Jo\u00e3o. Telefone: 2408-4315<br \/>\nProcon Pimentas: estrada do Cap\u00e3o Bonito, 53, Conjunto Marcos Freire (pr\u00e9dio do CIC). Telefone: 3202-1312<br \/>\nO Procon Guarulhos atende tamb\u00e9m pelo Disque-Den\u00fancia 151.<\/p>\n<p>Imagem: Diego Fr\u00f3is\/PMG<\/p>\n","protected":false},"excerpt":{"rendered":"<p>O projeto Procon nos Bairros atender\u00e1 a popula\u00e7\u00e3o no m\u00eas de julho em quatro localidades distintas: Vila Barros, Jardim Santa B\u00e1rbara, e em dois pontos diferentes no Parque Cecap (em frente \u00e0s EPGs Assis Ferreira e Yujie Hirata). O ve\u00edculo do Procon de Guarulhos disponibiliza toda semana em locais diferentes do munic\u00edpio os mesmos servi\u00e7os [&hellip;]<\/p>\n","protected":false},"author":1,"featured_media":25864,"comment_status":"open","ping_status":"open","sticky":false,"template":"","format":"standard","meta":{"footnotes":""},"categories":[3],"tags":[],"class_list":{"0":"post-25863","1":"post","2":"type-post","3":"status-publish","4":"format-standard","5":"has-post-thumbnail","7":"category-guarulhos"},"_links":{"self":[{"href":"https:\/\/jm-metropole.com.br\/site\/wp-json\/wp\/v2\/posts\/25863","targetHints":{"allow":["GET"]}}],"collection":[{"href":"https:\/\/jm-metropole.com.br\/site\/wp-json\/wp\/v2\/posts"}],"about":[{"href":"https:\/\/jm-metropole.com.br\/site\/wp-json\/wp\/v2\/types\/post"}],"author":[{"embeddable":true,"href":"https:\/\/jm-metropole.com.br\/site\/wp-json\/wp\/v2\/users\/1"}],"replies":[{"embeddable":true,"href":"https:\/\/jm-metropole.com.br\/site\/wp-json\/wp\/v2\/comments?post=25863"}],"version-history":[{"count":1,"href":"https:\/\/jm-metropole.com.br\/site\/wp-json\/wp\/v2\/posts\/25863\/revisions"}],"predecessor-version":[{"id":25865,"href":"https:\/\/jm-metropole.com.br\/site\/wp-json\/wp\/v2\/posts\/25863\/revisions\/25865"}],"wp:featuredmedia":[{"embeddable":true,"href":"https:\/\/jm-metropole.com.br\/site\/wp-json\/wp\/v2\/media\/25864"}],"wp:attachment":[{"href":"https:\/\/jm-metropole.com.br\/site\/wp-json\/wp\/v2\/media?parent=25863"}],"wp:term":[{"taxonomy":"category","embeddable":true,"href":"https:\/\/jm-metropole.com.br\/site\/wp-json\/wp\/v2\/categories?post=25863"},{"taxonomy":"post_tag","embeddable":true,"href":"https:\/\/jm-metropole.com.br\/site\/wp-json\/wp\/v2\/tags?post=25863"}],"curies":[{"name":"wp","href":"https:\/\/api.w.org\/{rel}","templated":true}]}}