{"id":25860,"date":"2025-06-27T13:15:56","date_gmt":"2025-06-27T16:15:56","guid":{"rendered":"https:\/\/jm-metropole.com.br\/site\/?p=25860"},"modified":"2025-06-27T13:15:56","modified_gmt":"2025-06-27T16:15:56","slug":"cdhu-movel-oferece-servicos-habitacionais-de-2-a-5-de-julho-em-itaqua","status":"publish","type":"post","link":"https:\/\/jm-metropole.com.br\/site\/cdhu-movel-oferece-servicos-habitacionais-de-2-a-5-de-julho-em-itaqua\/","title":{"rendered":"CDHU M\u00f3vel oferece servi\u00e7os habitacionais de 2 a 5 de julho em Itaqu\u00e1"},"content":{"rendered":"<p>Carreta ficar\u00e1 estacionada na Vila S\u00e3o Carlos<\/p>\n<p>Na pr\u00f3xima semana, de 2 a 5 de julho, Itaquaquecetuba vai receber a carreta CDHU M\u00f3vel, iniciativa do governo estadual em parceria com a prefeitura, que leva atendimento \u00e0 popula\u00e7\u00e3o, facilitando o acesso a servi\u00e7os habitacionais. Ela ficar\u00e1 estacionada na Vila S\u00e3o Carlos e o atendimento ser\u00e1 feito por ordem de chegada, sem limite de senha. O agendamento pr\u00e9vio pode ser feito pelo site cdhu.sp.gov.br ou pelo telefone 0800 000 2348.<\/p>\n<p>A carreta vai permitir a regulariza\u00e7\u00e3o financeira e contratual como acordos, quita\u00e7\u00e3o de d\u00e9bitos com o FGTS, revis\u00e3o de presta\u00e7\u00f5es, emiss\u00e3o de boletos, transfer\u00eancia de titularidade, al\u00e9m de orienta\u00e7\u00e3o jur\u00eddica, oficinas e outras a\u00e7\u00f5es, especialmente para aqueles que moram distante dos escrit\u00f3rios regionais da CDHU.<\/p>\n<p>&#8220;\u00c9 uma grande satisfa\u00e7\u00e3o poder oferecer esses atendimentos aos mun\u00edcipes. Esperamos que a popula\u00e7\u00e3o n\u00e3o deixe de aproveitar e agendar seu atendimento para resolver quest\u00f5es relacionadas \u00e0 sua moradia de forma pr\u00e1tica e acess\u00edvel&#8221;, destacou a secret\u00e1ria de Habita\u00e7\u00e3o, Angela Quirino.<\/p>\n<p>A carreta vai operar de quarta a sexta, das 10h \u00e0s 19h, e no s\u00e1bado, das 10h \u00e0s 16h. &#8220;Estamos muito felizes em receber a carreta em Itaqu\u00e1. Essa parceria vai facilitar ainda mais o acesso da popula\u00e7\u00e3o aos servi\u00e7os habitacionais. Nosso objetivo \u00e9 garantir que todos tenham condi\u00e7\u00f5es de estarem regularizados&#8221;, completou o prefeito Eduardo Boigues.<\/p>\n","protected":false},"excerpt":{"rendered":"<p>Carreta ficar\u00e1 estacionada na Vila S\u00e3o Carlos Na pr\u00f3xima semana, de 2 a 5 de julho, Itaquaquecetuba vai receber a carreta CDHU M\u00f3vel, iniciativa do governo estadual em parceria com a prefeitura, que leva atendimento \u00e0 popula\u00e7\u00e3o, facilitando o acesso a servi\u00e7os habitacionais. Ela ficar\u00e1 estacionada na Vila S\u00e3o Carlos e o atendimento ser\u00e1 feito [&hellip;]<\/p>\n","protected":false},"author":1,"featured_media":25861,"comment_status":"open","ping_status":"open","sticky":false,"template":"","format":"standard","meta":{"footnotes":""},"categories":[6],"tags":[],"class_list":{"0":"post-25860","1":"post","2":"type-post","3":"status-publish","4":"format-standard","5":"has-post-thumbnail","7":"category-itaqua"},"_links":{"self":[{"href":"https:\/\/jm-metropole.com.br\/site\/wp-json\/wp\/v2\/posts\/25860","targetHints":{"allow":["GET"]}}],"collection":[{"href":"https:\/\/jm-metropole.com.br\/site\/wp-json\/wp\/v2\/posts"}],"about":[{"href":"https:\/\/jm-metropole.com.br\/site\/wp-json\/wp\/v2\/types\/post"}],"author":[{"embeddable":true,"href":"https:\/\/jm-metropole.com.br\/site\/wp-json\/wp\/v2\/users\/1"}],"replies":[{"embeddable":true,"href":"https:\/\/jm-metropole.com.br\/site\/wp-json\/wp\/v2\/comments?post=25860"}],"version-history":[{"count":1,"href":"https:\/\/jm-metropole.com.br\/site\/wp-json\/wp\/v2\/posts\/25860\/revisions"}],"predecessor-version":[{"id":25862,"href":"https:\/\/jm-metropole.com.br\/site\/wp-json\/wp\/v2\/posts\/25860\/revisions\/25862"}],"wp:featuredmedia":[{"embeddable":true,"href":"https:\/\/jm-metropole.com.br\/site\/wp-json\/wp\/v2\/media\/25861"}],"wp:attachment":[{"href":"https:\/\/jm-metropole.com.br\/site\/wp-json\/wp\/v2\/media?parent=25860"}],"wp:term":[{"taxonomy":"category","embeddable":true,"href":"https:\/\/jm-metropole.com.br\/site\/wp-json\/wp\/v2\/categories?post=25860"},{"taxonomy":"post_tag","embeddable":true,"href":"https:\/\/jm-metropole.com.br\/site\/wp-json\/wp\/v2\/tags?post=25860"}],"curies":[{"name":"wp","href":"https:\/\/api.w.org\/{rel}","templated":true}]}}