{"id":25852,"date":"2025-06-27T09:45:29","date_gmt":"2025-06-27T12:45:29","guid":{"rendered":"https:\/\/jm-metropole.com.br\/site\/?p=25852"},"modified":"2025-06-27T09:45:29","modified_gmt":"2025-06-27T12:45:29","slug":"autopsia-indonesia-conclui-que-juliana-marins-morreu-de-hemorragia","status":"publish","type":"post","link":"https:\/\/jm-metropole.com.br\/site\/autopsia-indonesia-conclui-que-juliana-marins-morreu-de-hemorragia\/","title":{"rendered":"Aut\u00f3psia indon\u00e9sia conclui que Juliana Marins morreu de hemorragia"},"content":{"rendered":"<div class=\"header-noticia full-width\">\n<div class=\"linha-fina-noticia\">Equipe descartou morte por hipotermia<\/div>\n<\/div>\n<div class=\"container-autoria\"><\/div>\n<div>\n<p>Em meio \u00e0 como\u00e7\u00e3o nacional em torno da morte da brasileira Juliana Marins, dois personagens se destacaram e est\u00e3o recebendo agradecimentos pelos esfor\u00e7os empreendidos no resgate.\u00a0<strong>Os montanhistas conhecidos como Agam e Dwi Januanto Nugroho\u00a0voluntariaram-se para auxiliar no resgate de Juliana e foram os respons\u00e1veis por liderar as buscas e i\u00e7ar o\u00a0<a href=\"https:\/\/agenciabrasil.ebc.com.br\/internacional\/noticia\/2025-06\/corpo-de-turista-brasileira-e-resgatado-de-cratera-na-indonesia\" target=\"_blank\" rel=\"noopener\">corpo da brasileira<\/a>\u00a0na madrugada desta quarta-feira (25).\u00a0\u00a0<\/strong><img decoding=\"async\" src=\"https:\/\/agenciabrasil.ebc.com.br\/ebc.png?id=1648324&amp;o=node\" \/><img decoding=\"async\" src=\"https:\/\/agenciabrasil.ebc.com.br\/ebc.gif?id=1648324&amp;o=node\" \/><\/p>\n<p>Hoje, eles postaram uma homenagem nas redes sociais \u00e0 Juliana, com uma m\u00fasica indon\u00e9sia sobre o vulc\u00e3o.<\/p>\n<blockquote><p>\u201cNossas melhores ora\u00e7\u00f5es sempre para a alpinista Juliana Marins\u201d.<\/p><\/blockquote>\n<p>A jovem fazia uma trilha na borda do vulc\u00e3o quando caiu na cratera e deslizou por centenas de metros na manh\u00e3 de s\u00e1bado (21).\u00a0<strong>O resgate demorou a chegar at\u00e9 o local da queda.\u00a0<\/strong>Segundo a Ag\u00eancia Nacional de Busca e Resgate da Indon\u00e9sia (Basarnas),<strong>\u00a0ela n\u00e3o foi resgatada a tempo por conta das condi\u00e7\u00f5es meteorol\u00f3gicas, terreno complicado e problemas na log\u00edstica das opera\u00e7\u00f5es de resgate.<\/strong>\u00a0<strong><a href=\"https:\/\/agenciabrasil.ebc.com.br\/internacional\/noticia\/2025-06\/morre-brasileira-que-caiu-em-trilha-de-vulcao-na-indonesia\" target=\"_blank\" rel=\"noopener\">Somente ontem (24),\u00a0 a equipe conseguiu chegar at\u00e9 ela, mas a brasileira j\u00e1 havia morrido<\/a><\/strong>.<\/p>\n<p>Apesar das cr\u00edticas \u00e0 demora das autoridades locais e da administra\u00e7\u00e3o do parque para socorrer e resgatar Juliana a tempo,\u00a0<strong>o trabalho dos socorristas volunt\u00e1rios, que atuam como guias locais, tem sido exaltado por brasileiros nas redes sociais.\u00a0<\/strong>Agam tem sido chamado de \u201cher\u00f3i\u201d e recebido agradecimentos pela a\u00e7\u00e3o. Em seu perfil no Instagram,\u00a0<strong>o alpinista contou que ele e a equipe passaram a noite ao lado do corpo de Juliana,\u00a0<\/strong>\u00e0 beira de um penhasco de mais de 590m, para conseguir resgat\u00e1-lo hoje.<\/p>\n<div class=\"dnd-widget-wrapper context-cheio_8colunas type-image\">\n<div class=\"dnd-caption-wrapper\">\n<h6 class=\"meta\">Agam, montanhista indon\u00e9sio volunt\u00e1rio que participou do resgate do corpo de Juliana Marins.\u00a0<strong>Foto: Agam_rinjani\/Instagram<\/strong><\/h6>\n<\/div>\n<\/div>\n<p><strong>Milhares de brasileiros participaram das lives de Agam para acompanhar o trabalho em cima do Monte Rinjani e inundaram as postagens do indon\u00e9sio com mensagens emocionadas.\u00a0<\/strong>H\u00e1 inclusive um movimento para que ele e equipe de socorro recebam apoio financeiro por meio de doa\u00e7\u00f5es de brasileiros interessados em ajudar.<\/p>\n<p>A fam\u00edlia de Juliana tamb\u00e9m publicou no fim da tarde de hoje um agradecimento aos volunt\u00e1rios que &#8220;com coragem&#8221; se dispuseram a colaborar para que o processo de resgate fosse agilizado e que o gesto &#8220;jamais ser\u00e1 esquecido&#8221;. &#8220;Sabemos das condi\u00e7\u00f5es extremamente adversas e dos grandes riscos que voc\u00eas enfrentaram. Foi gra\u00e7as \u00e0 dedica\u00e7\u00e3o e \u00e0 experi\u00eancia de voc\u00eas que a equipe pode finalmente chegar at\u00e9 Juliana e nos permitir, ao menos, esse momento de despedida&#8221;, afirma a postagem em rede social.<\/p>\n<p>&nbsp;<\/p>\n<div class=\"dnd-widget-wrapper context-cheio_8colunas type-image\">\n<div class=\"dnd-atom-rendered\"><img decoding=\"async\" title=\"Arte\/ EBC\" src=\"https:\/\/agenciabrasil.ebc.com.br\/sites\/default\/files\/thumbnails\/image\/loading_v2.gif\" alt=\"Mapa do Monte Rijani, em Lombok, na Indon\u00e9sia, onde a brasileira Juliana Marins foi encontrada morta\" data-echo=\"https:\/\/imagens.ebc.com.br\/DTV-cZ81rP0w2VzSLQdEnNZWuSI=\/754x0\/smart\/https:\/\/agenciabrasil.ebc.com.br\/sites\/default\/files\/thumbnails\/image\/2025\/06\/24\/mapa-lombok-2.png?itok=2I0uCpJZ\" \/><\/div>\n<div class=\"dnd-caption-wrapper\">\n<h6 class=\"meta\">Mapa do Monte Rijani, em Lombok, na Indon\u00e9sia, onde a brasileira Juliana Marins foi encontrada morta &#8211;\u00a0<strong>Arte\/ EBC<\/strong><\/h6>\n<\/div>\n<\/div>\n<h2>Despedida<\/h2>\n<p><strong>Al\u00e9m de ser reconhecido por sua beleza natural, para as comunidades locais o Monte Rinjani carrega um simbolismo espiritual<\/strong>, representando uma morada para esp\u00edritos ancestrais. O texto postado hoje por Agam no Instagram fala ainda que a escalada do monte transforma a perspectiva de vida de muitas pessoas.<\/p>\n<blockquote><p>\u201cA escalada, al\u00e9m de ser um esfor\u00e7o pessoal para vencer a si mesmo, tamb\u00e9m leva muitos a perceberem o qu\u00e3o pequena \u00e9 a exist\u00eancia individual diante do Universo. As hist\u00f3rias de escaladas em Rinjani frequentemente fortalecem o sentido da vida dentro do curto intervalo de tempo que temos neste mundo\u201d, afirmou o montanhista.<\/p><\/blockquote>\n<p>*Com informa\u00e7\u00f5es de Ag\u00eancia Brasil<\/p>\n<\/div>\n","protected":false},"excerpt":{"rendered":"<p>Equipe descartou morte por hipotermia Em meio \u00e0 como\u00e7\u00e3o nacional em torno da morte da brasileira Juliana Marins, dois personagens se destacaram e est\u00e3o recebendo agradecimentos pelos esfor\u00e7os empreendidos no resgate.\u00a0Os montanhistas conhecidos como Agam e Dwi Januanto Nugroho\u00a0voluntariaram-se para auxiliar no resgate de Juliana e foram os respons\u00e1veis por liderar as buscas e i\u00e7ar [&hellip;]<\/p>\n","protected":false},"author":1,"featured_media":25853,"comment_status":"open","ping_status":"open","sticky":false,"template":"","format":"standard","meta":{"footnotes":""},"categories":[48],"tags":[],"class_list":{"0":"post-25852","1":"post","2":"type-post","3":"status-publish","4":"format-standard","5":"has-post-thumbnail","7":"category-geral"},"_links":{"self":[{"href":"https:\/\/jm-metropole.com.br\/site\/wp-json\/wp\/v2\/posts\/25852","targetHints":{"allow":["GET"]}}],"collection":[{"href":"https:\/\/jm-metropole.com.br\/site\/wp-json\/wp\/v2\/posts"}],"about":[{"href":"https:\/\/jm-metropole.com.br\/site\/wp-json\/wp\/v2\/types\/post"}],"author":[{"embeddable":true,"href":"https:\/\/jm-metropole.com.br\/site\/wp-json\/wp\/v2\/users\/1"}],"replies":[{"embeddable":true,"href":"https:\/\/jm-metropole.com.br\/site\/wp-json\/wp\/v2\/comments?post=25852"}],"version-history":[{"count":1,"href":"https:\/\/jm-metropole.com.br\/site\/wp-json\/wp\/v2\/posts\/25852\/revisions"}],"predecessor-version":[{"id":25854,"href":"https:\/\/jm-metropole.com.br\/site\/wp-json\/wp\/v2\/posts\/25852\/revisions\/25854"}],"wp:featuredmedia":[{"embeddable":true,"href":"https:\/\/jm-metropole.com.br\/site\/wp-json\/wp\/v2\/media\/25853"}],"wp:attachment":[{"href":"https:\/\/jm-metropole.com.br\/site\/wp-json\/wp\/v2\/media?parent=25852"}],"wp:term":[{"taxonomy":"category","embeddable":true,"href":"https:\/\/jm-metropole.com.br\/site\/wp-json\/wp\/v2\/categories?post=25852"},{"taxonomy":"post_tag","embeddable":true,"href":"https:\/\/jm-metropole.com.br\/site\/wp-json\/wp\/v2\/tags?post=25852"}],"curies":[{"name":"wp","href":"https:\/\/api.w.org\/{rel}","templated":true}]}}