{"id":25843,"date":"2025-06-27T06:07:50","date_gmt":"2025-06-27T09:07:50","guid":{"rendered":"https:\/\/jm-metropole.com.br\/site\/?p=25843"},"modified":"2025-06-27T06:07:50","modified_gmt":"2025-06-27T09:07:50","slug":"stf-decide-que-redes-devem-ser-responsabilizadas-por-conteudos-ilegais","status":"publish","type":"post","link":"https:\/\/jm-metropole.com.br\/site\/stf-decide-que-redes-devem-ser-responsabilizadas-por-conteudos-ilegais\/","title":{"rendered":"STF decide que redes devem ser responsabilizadas por conte\u00fados ilegais"},"content":{"rendered":"<div class=\"header-noticia full-width\">\n<div class=\"linha-fina-noticia\">Por 8 a 3, corte declarou Artigo 19 do Marco Civil inconstitucional<\/div>\n<\/div>\n<div class=\"container-autoria\"><\/div>\n<div>\n<p>Por 8 votos a 3,\u00a0<strong>o Supremo Tribunal Federal (STF) decidiu nesta quinta-feira (26) que as plataformas que operam as redes sociais devem ser responsabilizadas diretamente pelas postagens ilegais feitas por seus usu\u00e1rios<\/strong>.<img decoding=\"async\" src=\"https:\/\/agenciabrasil.ebc.com.br\/ebc.png?id=1648565&amp;o=node\" \/><img decoding=\"async\" src=\"https:\/\/agenciabrasil.ebc.com.br\/ebc.gif?id=1648565&amp;o=node\" \/><\/p>\n<p>Ap\u00f3s seis sess\u00f5es seguidas para julgar o caso,\u00a0<strong>a Corte decidiu pela inconstitucionalidade do Artigo 19 do Marco Civil da Internet<\/strong>\u00a0(Lei 12.965\/2014), norma que estabeleceu os direitos e deveres para o uso da internet no Brasil.<\/p>\n<p>O dispositivo estabelecia que, &#8220;com o intuito de assegurar a liberdade de express\u00e3o e impedir a censura&#8221;, as plataformas s\u00f3 poderiam ser responsabilizadas pelas postagens de seus usu\u00e1rios se, ap\u00f3s ordem judicial, n\u00e3o tomarem provid\u00eancias para retirar o conte\u00fado ilegal.<\/p>\n<p>Dessa forma, antes da decis\u00e3o do STF, as\u00a0<em>big techs<\/em>\u00a0n\u00e3o respondiam civilmente pelos conte\u00fados ilegais, como postagens antidemocr\u00e1ticas, mensagens com discurso de \u00f3dio e ofensas pessoais, entre outras.<\/p>\n<p>Com o final do julgamento, a Corte aprovou uma tese jur\u00eddica, que cont\u00e9m as regras que as plataformas dever\u00e3o seguir para retirar as postagens.<\/p>\n<p><strong>O texto final definiu que o Artigo 19 n\u00e3o protege os direitos fundamentais e a democracia.<\/strong>\u00a0Al\u00e9m disso, enquanto n\u00e3o for aprovada nova lei sobre a quest\u00e3o, os provedores estar\u00e3o sujeitos \u00e0 responsabiliza\u00e7\u00e3o civil pelas postagens de usu\u00e1rios.<\/p>\n<p><strong>Pela decis\u00e3o, as plataformas devem retirar os seguintes tipos de conte\u00fado ilegais ap\u00f3s notifica\u00e7\u00e3o extrajudicial:<\/strong><\/p>\n<ul>\n<li><strong>Atos antidemocr\u00e1ticos;<\/strong><\/li>\n<li><strong>Terrorismo;<\/strong><\/li>\n<li><strong>Induzimento ao suic\u00eddio e automutila\u00e7\u00e3o;<\/strong><\/li>\n<li><strong>Incita\u00e7\u00e3o \u00e0 discrimina\u00e7\u00e3o por ra\u00e7a, religi\u00e3o, identidade de g\u00eanero, condutas homof\u00f3bicas e transf\u00f3bicas;<\/strong><\/li>\n<li><strong>Crimes contra a mulher e conte\u00fados que propagam \u00f3dio contra a mulher;<\/strong><\/li>\n<li><strong>Pornografia infantil;<\/strong><\/li>\n<li><strong>Tr\u00e1fico de pessoas.\u00a0<\/strong><\/li>\n<\/ul>\n<h2>Votos<\/h2>\n<p>O \u00faltimo voto sobre a quest\u00e3o foi proferido na sess\u00e3o desta quinta pelo ministro Nunes Marques, que votou contra a responsabiliza\u00e7\u00e3o direta das redes.\u00a0<strong>O ministro defendeu que a responsabiliza\u00e7\u00e3o direta deve ser criada pelo Congresso.<\/strong><\/p>\n<p>Segundo Nunes, a liberdade de express\u00e3o \u00e9 clausula p\u00e9trea da Constitui\u00e7\u00e3o e deve ser protegida. Dessa forma, a responsabilidade pela publica\u00e7\u00e3o de conte\u00fados \u00e9 de quem causou o dano, ou seja, o usu\u00e1rio.<\/p>\n<p>&#8220;A liberdade de express\u00e3o \u00e9 pedra fundamental para necess\u00e1ria troca de ideias, que geram o desenvolvimento da sociedade, isto \u00e9, apenas por meio do debate livre de ideias, o indiv\u00edduo e a sociedade poder\u00e3o se desenvolver em todos os campos do conhecimento humano&#8221;, afirmou.<\/p>\n<p>Nas sess\u00f5es anteriores, os ministros Fl\u00e1vio Dino, \u00a0Alexandre de Moraes, Gilmar Mendes, Cristiano Zanin, Luiz Fux, Dias Toffoli, Lu\u00eds Roberto Barroso e C\u00e1rmen L\u00facia se manifestaram pela responsabiliza\u00e7\u00e3o.\u00a0Os ministros Andr\u00e9 Mendon\u00e7a e Edson Fachin votaram pela manuten\u00e7\u00e3o das atuais regras que impedem a responsabiliza\u00e7\u00e3o direta das redes.<\/p>\n<p>Carmen L\u00facia avaliou que houve uma transforma\u00e7\u00e3o tecnol\u00f3gica desde 2014, quando a lei foi sancionada, e as plataformas viraram &#8220;donas das informa\u00e7\u00f5es&#8221;. Segundo a ministra, as plataformas t\u00eam algoritmos que &#8220;n\u00e3o s\u00e3o transparentes&#8221;.<\/p>\n<p>Para Moraes, as\u00a0big techs\u00a0imp\u00f5em seu modelo de neg\u00f3cio &#8220;agressivo&#8221;, sem respeitar as leis do Brasil, e n\u00e3o podem ser uma &#8220;terra sem lei&#8221;.<\/p>\n<p>No entendimento de Dino, o provedor de aplica\u00e7\u00f5es de internet poder\u00e1 ser responsabilizado civilmente pelos danos decorrentes de conte\u00fados gerados por terceiros.<\/p>\n<p>Gilmar Mendes\u00a0considerou que o Artigo 19 \u00e9 &#8220;ultrapassado&#8221; e que a regulamenta\u00e7\u00e3o das redes sociais n\u00e3o representa amea\u00e7a \u00e0 liberdade de express\u00e3o.<\/p>\n<p>Cristiano Zanin\u00a0votou pela inconstitucionalidade do artigo e afirmou que o dispositivo n\u00e3o \u00e9 adequado para proteger os direitos fundamentais e imp\u00f5e aos usu\u00e1rios o \u00f4nus de acionar o Judici\u00e1rio em caso de postagens ofensivas e ilegais.<\/p>\n<p>Os ministros\u00a0Luiz Fux e Dias Toffoli\u00a0votaram para permitir a exclus\u00e3o de postagens ilegais por meio de notifica\u00e7\u00f5es extrajudiciais, ou seja, pelos pr\u00f3prios atingidos, sem decis\u00e3o judicial pr\u00e9via.<\/p>\n<p>Lu\u00eds Roberto Barroso\u00a0diz que a ordem judicial \u00e9 necess\u00e1ria para a remo\u00e7\u00e3o somente de postagens de crimes contra a honra (cal\u00fania, difama\u00e7\u00e3o e inj\u00faria&#8221;). Nos demais casos, como publica\u00e7\u00f5es antidemocr\u00e1ticas e terrorismo, por exemplo, a notifica\u00e7\u00e3o extrajudicial \u00e9 suficiente para a remo\u00e7\u00e3o de conte\u00fado, mas cabe \u00e0s redes o dever de cuidado para avaliar as mensagens em desacordo com as pol\u00edticas de publica\u00e7\u00e3o.<\/p>\n<h2>Casos julgados<\/h2>\n<p>O STF julgou dois casos concretos que envolvem o Marco Civil da Internet e que chegaram \u00e0 Corte por meio de recursos.<\/p>\n<p>Na a\u00e7\u00e3o relatada pelo ministro Dias Toffoli, o tribunal julga a validade da regra que exige ordem judicial pr\u00e9via para responsabiliza\u00e7\u00e3o dos provedores por atos il\u00edcitos. O caso trata de um recurso do<em>\u00a0Facebook<\/em>\u00a0para derrubar decis\u00e3o judicial que condenou a plataforma por danos morais pela cria\u00e7\u00e3o de perfil falso de um usu\u00e1rio.<\/p>\n<p>No processo relatado pelo ministro Luiz Fux, o STF discute se uma empresa que hospeda um site na internet deve fiscalizar conte\u00fados ofensivos e retir\u00e1-los do ar sem interven\u00e7\u00e3o judicial. O recurso foi protocolado pelo\u00a0<em>Google<\/em>.<\/p>\n<p>*Com informa\u00e7\u00f5es de Ag\u00eancia Brasil<\/p>\n<\/div>\n","protected":false},"excerpt":{"rendered":"<p>Por 8 a 3, corte declarou Artigo 19 do Marco Civil inconstitucional Por 8 votos a 3,\u00a0o Supremo Tribunal Federal (STF) decidiu nesta quinta-feira (26) que as plataformas que operam as redes sociais devem ser responsabilizadas diretamente pelas postagens ilegais feitas por seus usu\u00e1rios. Ap\u00f3s seis sess\u00f5es seguidas para julgar o caso,\u00a0a Corte decidiu pela [&hellip;]<\/p>\n","protected":false},"author":1,"featured_media":25844,"comment_status":"open","ping_status":"open","sticky":false,"template":"","format":"standard","meta":{"footnotes":""},"categories":[1],"tags":[],"class_list":{"0":"post-25843","1":"post","2":"type-post","3":"status-publish","4":"format-standard","5":"has-post-thumbnail","7":"category-tudo"},"_links":{"self":[{"href":"https:\/\/jm-metropole.com.br\/site\/wp-json\/wp\/v2\/posts\/25843","targetHints":{"allow":["GET"]}}],"collection":[{"href":"https:\/\/jm-metropole.com.br\/site\/wp-json\/wp\/v2\/posts"}],"about":[{"href":"https:\/\/jm-metropole.com.br\/site\/wp-json\/wp\/v2\/types\/post"}],"author":[{"embeddable":true,"href":"https:\/\/jm-metropole.com.br\/site\/wp-json\/wp\/v2\/users\/1"}],"replies":[{"embeddable":true,"href":"https:\/\/jm-metropole.com.br\/site\/wp-json\/wp\/v2\/comments?post=25843"}],"version-history":[{"count":1,"href":"https:\/\/jm-metropole.com.br\/site\/wp-json\/wp\/v2\/posts\/25843\/revisions"}],"predecessor-version":[{"id":25845,"href":"https:\/\/jm-metropole.com.br\/site\/wp-json\/wp\/v2\/posts\/25843\/revisions\/25845"}],"wp:featuredmedia":[{"embeddable":true,"href":"https:\/\/jm-metropole.com.br\/site\/wp-json\/wp\/v2\/media\/25844"}],"wp:attachment":[{"href":"https:\/\/jm-metropole.com.br\/site\/wp-json\/wp\/v2\/media?parent=25843"}],"wp:term":[{"taxonomy":"category","embeddable":true,"href":"https:\/\/jm-metropole.com.br\/site\/wp-json\/wp\/v2\/categories?post=25843"},{"taxonomy":"post_tag","embeddable":true,"href":"https:\/\/jm-metropole.com.br\/site\/wp-json\/wp\/v2\/tags?post=25843"}],"curies":[{"name":"wp","href":"https:\/\/api.w.org\/{rel}","templated":true}]}}