{"id":25834,"date":"2025-06-26T17:48:49","date_gmt":"2025-06-26T20:48:49","guid":{"rendered":"https:\/\/jm-metropole.com.br\/site\/?p=25834"},"modified":"2025-06-26T17:48:49","modified_gmt":"2025-06-26T20:48:49","slug":"festivais-de-inverno-festas-juninas-e-maratona-infantil-confira-os-destaques-da-agenda-cultural-de-sp","status":"publish","type":"post","link":"https:\/\/jm-metropole.com.br\/site\/festivais-de-inverno-festas-juninas-e-maratona-infantil-confira-os-destaques-da-agenda-cultural-de-sp\/","title":{"rendered":"Festivais de Inverno, festas juninas e maratona infantil: confira os destaques da agenda cultural de SP"},"content":{"rendered":"<div class=\"elementor-element elementor-element-4784657 elementor-widget__width-initial elementor-widget elementor-widget-theme-post-excerpt\" data-id=\"4784657\" data-element_type=\"widget\" data-widget_type=\"theme-post-excerpt.default\">\n<div class=\"elementor-widget-container\">Programa\u00e7\u00e3o da semana inclui tamb\u00e9m concerto em homenagem aos 130 anos do Tratado Brasil-Jap\u00e3o<\/div>\n<\/div>\n<div class=\"elementor-element elementor-element-4b063fb elementor-widget elementor-widget-image\" data-id=\"4b063fb\" data-element_type=\"widget\" data-widget_type=\"image.default\"><\/div>\n<div data-id=\"4b063fb\" data-element_type=\"widget\" data-widget_type=\"image.default\">\n<p>O inverno chegou, mas isso n\u00e3o \u00e9 motivo para ficar trancado em casa: de festas juninas a festivais da esta\u00e7\u00e3o, n\u00e3o faltam op\u00e7\u00f5es para curtir o clima frio nos espa\u00e7os da Secretaria da Cultura, Economia e Ind\u00fastria Criativas do Estado de S\u00e3o Paulo. Os destaques da programa\u00e7\u00e3o podem ser conferidos na Agenda Viva SP (<a role=\"link\" href=\"https:\/\/agendavivasp.com.br\/\" target=\"_blank\" rel=\"noopener\">https:\/\/agendavivasp.com.br\/<\/a>), plataforma colaborativa do Governo de SP.<\/p>\n<p>Na capital paulista, o Museu da Imigra\u00e7\u00e3o promove a primeira edi\u00e7\u00e3o do seu Festival de Inverno, no dia 28 de junho, com programa\u00e7\u00e3o de pa\u00edses nos quais o frio faz parte de suas culturas, como Esc\u00f3cia, \u00c1ustria, Bol\u00edvia, R\u00fassia, Su\u00ed\u00e7a, It\u00e1lia, Peru, Jap\u00e3o, Litu\u00e2nia e Hungria. Tanto a capital quanto o Vale do Para\u00edba se preparam para receber, a partir de 5 de julho, o Festival de Inverno de Campos do Jord\u00e3o, com mais de 75 concertos gratuitos. A programa\u00e7\u00e3o da capital paulista tamb\u00e9m inclui Maratona Infantil, no MIS, como aquecimento para a estreia de \u201cSuperman\u201d, de James Gunn, e concerto em homenagem aos 130 anos do Tratado Brasil-Jap\u00e3o, no Teatro Gamaro e na Sala S\u00e3o Paulo.<\/p>\n<p>Para quem deseja curtir o frio em uma tradicional festa junina, acontece neste domingo, 29 de junho, a Pina Junina, na Pina Contempor\u00e2nea. J\u00e1 no Vale do Ribeira, a F\u00e1brica de Cultura Iguape promove, neste final de semana, a Festa Junina com Baile do Fandango, em homenagem \u00e0s ra\u00edzes cai\u00e7aras da regi\u00e3o. Entre as atividades, al\u00e9m de atra\u00e7\u00f5es e comidas t\u00edpicas, est\u00e1 a Feira de Artesanato e Neg\u00f3cios, no domingo.<\/p>\n<p><strong>Confira esses e outros destaques abaixo:<\/strong><\/p>\n<p><strong>1\u00ba Festival de Inverno celebra 32 anos do Museu da Imigra\u00e7\u00e3o<\/strong><br \/>\n<strong>Onde?<\/strong>\u00a0Museu da Imigra\u00e7\u00e3o. R. Visc. de Parna\u00edba, 1316 \u2013 Mooca, S\u00e3o Paulo.<br \/>\n<strong>Quando?<\/strong>\u00a0Dia 28 de junho. S\u00e1bado, das 10h \u00e0s 18h.<\/p>\n<p>Neste s\u00e1bado, o Museu da Imigra\u00e7\u00e3o celebra 32 anos com o seu 1\u00ba Festival de Inverno. Na ocasi\u00e3o, ser\u00e3o oferecidas atra\u00e7\u00f5es de mais de 10 pa\u00edses que t\u00eam a cultura marcada pela esta\u00e7\u00e3o mais fria do ano: Esc\u00f3cia, \u00c1ustria, Bol\u00edvia, R\u00fassia, Su\u00ed\u00e7a, It\u00e1lia, Peru, Jap\u00e3o, Litu\u00e2nia e Hungria. O evento conta com op\u00e7\u00f5es de gastronomia, oficinas e programa\u00e7\u00e3o art\u00edstica.<\/p>\n<p>Entrada Gratuita.<br \/>\nClassifica\u00e7\u00e3o: Livre.<br \/>\n<a role=\"link\" href=\"https:\/\/agendavivasp.com.br\/cultural-events\/event\/68594a71c274dae49a6aae7e\" target=\"_blank\" rel=\"noopener\">Mais informa\u00e7\u00f5es.\u00a0<\/a><\/p>\n<p><strong>Vem a\u00ed: Festival de Inverno de Campos do Jord\u00e3o chega \u00e0 55\u00aa Edi\u00e7\u00e3o<\/strong><br \/>\n<strong>Onde?\u00a0<\/strong>Diversos espa\u00e7os em S\u00e3o Paulo e em Campos do Jord\u00e3o. Abertura: Audit\u00f3rio Cl\u00e1udio Santoro. Av. Dr. Lu\u00eds Arrobas Martins, 1.880, Alto da Boa Vista, Campos do Jord\u00e3o.<br \/>\n<strong>Quando?<\/strong>\u00a0De 5 de julho a 3 de agosto. Consultar o hor\u00e1rio de cada apresenta\u00e7\u00e3o.<\/p>\n<p>O tradicional Festival de Inverno de Campos do Jord\u00e3o chega \u00e0 sua 55\u00aa edi\u00e7\u00e3o com mais de 75 concertos gratuitos, distribu\u00eddos entre quatro palcos em Campos do Jord\u00e3o e outros quatro na capital paulista. Entre as novidades deste ano est\u00e3o os espet\u00e1culos da Jornada Paulista de Dan\u00e7a, que acontecem na Esta\u00e7\u00e3o Motiva Cultural, em S\u00e3o Paulo.<\/p>\n<p>Entrada Gratuita (retirada online de ingressos 5 dias antes de cada apresenta\u00e7\u00e3o).<br \/>\nClassifica\u00e7\u00e3o: Livre.<br \/>\n<a role=\"link\" href=\"https:\/\/agendavivasp.com.br\/cultural-events\/event\/68518836260f0a68625d26d6\" target=\"_blank\" rel=\"noopener\">Mais informa\u00e7\u00f5es.\u00a0<\/a><\/p>\n<p><strong>Super-her\u00f3is s\u00e3o tema de Maratona Infantil no MIS<\/strong><br \/>\n<strong>Onde?<\/strong>\u00a0Museu da Imagem e do Som \u2013 MIS. Av. Europa, 158 \u2013 Jardim Europa, S\u00e3o Paulo.<br \/>\n<strong>Quando?<\/strong>\u00a0Dia 29 de junho. Domingo, \u00e0s 10h.<\/p>\n<p>Em junho, a Maratona Infantil no MIS chega com o tema Super-Her\u00f3is. Como aquecimento para a estreia do novo filme do Superman, o especial \u201cSuper Kids, ativar!\u201d traz diversas atividades para a crian\u00e7ada, como oficinas de desenho, supergosma, massinha de modelar, amuletos, \u00f3culos 3D, cabelo maluco, entre outras.<\/p>\n<p>Entrada Gratuita.<br \/>\nClassifica\u00e7\u00e3o: Livre.<br \/>\n<a role=\"link\" href=\"https:\/\/agendavivasp.com.br\/cultural-events\/event\/68347199014bc6d51440e405\" target=\"_blank\" rel=\"noopener\">Mais informa\u00e7\u00f5es.<\/a><\/p>\n<p><strong>Concertos homenageiam 130 anos do Tratado Brasil-Jap\u00e3o<\/strong><br \/>\n<strong>Onde?\u00a0<\/strong>Teatro Gamaro. R. Dr. Almeida Lima, 1176 \u2013 Mooca, S\u00e3o Paulo. Sala S\u00e3o Paulo. Pra\u00e7a J\u00falio Prestes, 16 \u2013 Campos El\u00edseos, S\u00e3o Paulo.<br \/>\n<strong>Quando?<\/strong>\u00a0Dias 26 e 29 de junho. Teatro Gamaro: Quinta-feira, \u00e0s 20h. Sala S\u00e3o Paulo: Domingo, \u00e0s 11h.<\/p>\n<p>Celebrando compositores japoneses que escreveram m\u00fasicas para bandas sinf\u00f4nicas, a Banda Jovem do Estado realiza, como parte das comemora\u00e7\u00f5es dos 130 anos do Tratado de Amizade Brasil-Jap\u00e3o, dois concertos com pe\u00e7as de Tomohiro Tatebe, Yasuhide Ito e Toshio Mashima. As apresenta\u00e7\u00f5es acontecem no Teatro Gamaro, dia 26, e, gratuitamente, na Sala S\u00e3o Paulo, no dia 29.<\/p>\n<p>Teatro Gamaro: R$ 26 (meia) e R$ 52 (inteira). Sala S\u00e3o Paulo: Entrada Gratuita (mediante retirada de ingressos antecipada)<br \/>\nClassifica\u00e7\u00e3o: Livre.<br \/>\nMais informa\u00e7\u00f5es:\u00a0<a role=\"link\" href=\"https:\/\/agendavivasp.com.br\/cultural-events\/event\/68220ca1f01974cbe9fe0fa7\" target=\"_blank\" rel=\"noopener\">Sala S\u00e3o Paulo.<\/a><\/p>\n<p><strong>Pina Junina celebra cultura popular nordestina<\/strong><br \/>\n<strong>Onde?<\/strong>\u00a0Pina Contempor\u00e2nea. Av. Tiradentes, 273 \u2013 Luz, S\u00e3o Paulo.<br \/>\n<strong>Quando?<\/strong>\u00a0Dia 29 de junho. Domingo, das 13h \u00e0s 20h.<\/p>\n<p>Em clima de festa junina, a Pina Contempor\u00e2nea promove, neste domingo, o Pina Junina. Entre os convidados, est\u00e3o o grupo pernambucano Som na Rural, com participa\u00e7\u00e3o especial do Mestre Nico, e o Trio Mana Flor, trio de forr\u00f3 composto exclusivamente por mulheres.<\/p>\n<p>Entrada Gratuita.<br \/>\nClassifica\u00e7\u00e3o: Livre.<br \/>\n<a role=\"link\" href=\"https:\/\/agendavivasp.com.br\/cultural-events\/event\/68345f64014bc6d51440e36e\" target=\"_blank\" rel=\"noopener\">Mais informa\u00e7\u00f5es.<\/a><\/p>\n<p><strong>Anivers\u00e1rio do Museu das Culturas Ind\u00edgenas<\/strong><br \/>\n<strong>Onde?<\/strong>\u00a0Museu das Culturas Ind\u00edgenas. R. Dona Germaine Burchard, 451 \u2013 \u00c1gua Branca, S\u00e3o Paulo.<br \/>\n<strong>Quando?<\/strong>\u00a0Dia 29 de junho. Domingo, \u00e0s 11h e 14h (visitas mediadas); 15h (Coral Xondaro Mirim Mborai) e 15h30 (Mrarasi-ixe).<\/p>\n<p>Neste domingo, o Museu das Culturas Ind\u00edgenas celebra seu terceiro anivers\u00e1rio com programa\u00e7\u00e3o especial. O espa\u00e7o promove visitas mediadas \u00e0s exposi\u00e7\u00f5es \u201cNhe\u2019\u1ebd ry \u2013 onde os esp\u00edritos se banham\u201d e \u201cHendu Por\u00e3\u2019r\u00e3 \u2013 escutar com o corpo\u201d. No per\u00edodo da tarde, se apresentam o Coral Xondaro Mirim Mborai, composto por ind\u00edgenas da etnia Guarani Mbya da Aldeia Boa Vista, de Ubatuba (SP), e a Dan\u00e7a do Mutum do povo Karaj\u00e1, tamb\u00e9m conhecida como Mrarasi-ixe.<\/p>\n<p>Entrada Gratuita.<br \/>\nClassifica\u00e7\u00e3o: Livre.<br \/>\nMais informa\u00e7\u00f5es:\u00a0<a role=\"link\" href=\"https:\/\/agendavivasp.com.br\/cultural-events\/event\/682f600a014bc6d51440e0b7\" target=\"_blank\" rel=\"noopener\">visitas mediadas<\/a>,\u00a0<a role=\"link\" href=\"https:\/\/agendavivasp.com.br\/cultural-events\/event\/682ca500f01974cbe9fe15b0\" target=\"_blank\" rel=\"noopener\">Coral<\/a>\u00a0e\u00a0<a role=\"link\" href=\"https:\/\/agendavivasp.com.br\/cultural-events\/event\/682f7896014bc6d51440e129\" target=\"_blank\" rel=\"noopener\">Mrarasi-ixe<\/a>.<\/p>\n<p><strong>Festa de Favela com DJ Tayan<\/strong><br \/>\n<strong>Onde?<\/strong>\u00a0Museu das Favelas. Largo P\u00e1teo do Col\u00e9gio, 148 \u2013 Centro, S\u00e3o Paulo.<br \/>\n<strong>Quando?<\/strong>\u00a0Dia 28 de junho. S\u00e1bado, \u00e0s 15h.<\/p>\n<p>Com repert\u00f3rio que transita entre ritmos como o funk, o hip hop e a m\u00fasica popular perif\u00e9rica brasileira, DJ Tayan comanda a edi\u00e7\u00e3o de junho do Festa de Favela, programa mensal do Museu das Favelas.<\/p>\n<p>Entrada Gratuita.<br \/>\nClassifica\u00e7\u00e3o: Livre.<br \/>\n<a role=\"link\" href=\"https:\/\/agendavivasp.com.br\/cultural-events\/event\/68362866844b365b1340fff9\" target=\"_blank\" rel=\"noopener\">Mais informa\u00e7\u00f5es.<\/a><\/p>\n<p><strong>F\u00e1brica de Cultura Iguape promove Festa Junina com Baile do Fandango<\/strong><br \/>\n<strong>Onde?<\/strong>\u00a0F\u00e1brica de Cultura Iguape. Pra\u00e7a Engenheiro Greenhalgh, 1 \u2013 Iguape.<br \/>\n<strong>Quando?<\/strong>\u00a0Dias 28 e 29 de junho. S\u00e1bado, \u00e0s 19h. Domingo, \u00e0s 14h.<\/p>\n<p>Neste final de semana, a F\u00e1brica de Cultura Iguape promove Festa Junina com diversas atividades. A festa tem in\u00edcio no s\u00e1bado, com a tradicional erguida de bandeira e o Baile de Fandango, em homenagem \u00e0s ra\u00edzes cai\u00e7aras do Vale do Ribeira. No domingo, acontece a Feira de Artesanato e Neg\u00f3cios, al\u00e9m de bingo, quadrilha e o show do grupo Os 3 do Norte.<\/p>\n<p>Entrada Gratuita.<br \/>\nClassifica\u00e7\u00e3o: Livre.<br \/>\n<a role=\"link\" href=\"https:\/\/agendavivasp.com.br\/cultural-events\/event\/685abfe8c274dae49a6ab095\" target=\"_blank\" rel=\"noopener\">Mais informa\u00e7\u00f5es.<\/a><\/p>\n<p><strong>Concerto na Pra\u00e7a com Banda Sinf\u00f4nica em Tatu\u00ed<\/strong><br \/>\n<strong>Onde?<\/strong>\u00a0Pra\u00e7a da Matriz \u2013 Centro, Tatu\u00ed.<br \/>\n<strong>Quando?<\/strong>\u00a0Dia 28 de junho. S\u00e1bado, \u00e0s 11h.<\/p>\n<p>Neste s\u00e1bado, integrando o projeto M\u00fasica na Pra\u00e7a, a Banda Sinf\u00f4nica do Ciclo B\u00e1sico do Conservat\u00f3rio de Tatu\u00ed faz uma apresenta\u00e7\u00e3o gratuita na Pra\u00e7a da Matriz, na regi\u00e3o central da cidade. A banda \u00e9 formada por estudantes das \u00e1reas de sopros e percuss\u00e3o entre o 2\u00ba e 3\u00ba ano de seus cursos. O repert\u00f3rio, ecl\u00e9tico, transita entre \u2018Boate Azul\u2019 (Benedito Seviero), \u2018La Virgen de la Macare\u00f1a\u2019 (Perez Prado), \u2018Os oinho dela\u2026\u2019 (Luiz Peixoto e Carmen Vasconcelos), \u2018Naquela Mesa\u2019 (S\u00e9rgio Bitencourt) e \u2018Minha Terra\u2019 (Waldemar Henrique), entre outros.<\/p>\n<p>Entrada Gratuita.<br \/>\nClassifica\u00e7\u00e3o: Livre.<br \/>\n<a role=\"link\" href=\"https:\/\/agendavivasp.com.br\/cultural-events\/event\/68347534014bc6d51440e43a\" target=\"_blank\" rel=\"noopener\">Mais informa\u00e7\u00f5es.\u00a0<\/a><\/p>\n<p><strong>S\u00e3o Paulo Escola de Dan\u00e7a em Bauru<\/strong><br \/>\n<strong>Onde?<\/strong>\u00a0Teatro Municipal Celina Lourdes Alves Neves. Av. Na\u00e7\u00f5es Unidas, Quadra 8 \u2013 Centro, Bauru.<br \/>\n<strong>Quando?<\/strong>\u00a0Dia 26 de junho. Quinta-feira, \u00e0s 20h.<\/p>\n<p>Como abertura do espet\u00e1culo \u201cFrida\u201d, da Companhia Est\u00e1vel de Dan\u00e7a de Bauru, a S\u00e3o Paulo Escola de Dan\u00e7a apresenta a coreografia \u201cRostos de Janus\u201d, de Vin\u00edcius Anselmo, em Bauru. A coreografia se inspira na mitologia de Janus, deus romano que representa as transi\u00e7\u00f5es e mudan\u00e7as.<\/p>\n<p>Entrada Gratuita.<br \/>\nClassifica\u00e7\u00e3o: Livre.<\/p>\n<p>*Com informa\u00e7\u00f5es de Ag\u00eancia SP<\/p>\n<\/div>\n","protected":false},"excerpt":{"rendered":"<p>Programa\u00e7\u00e3o da semana inclui tamb\u00e9m concerto em homenagem aos 130 anos do Tratado Brasil-Jap\u00e3o O inverno chegou, mas isso n\u00e3o \u00e9 motivo para ficar trancado em casa: de festas juninas a festivais da esta\u00e7\u00e3o, n\u00e3o faltam op\u00e7\u00f5es para curtir o clima frio nos espa\u00e7os da Secretaria da Cultura, Economia e Ind\u00fastria Criativas do Estado de [&hellip;]<\/p>\n","protected":false},"author":1,"featured_media":25835,"comment_status":"open","ping_status":"open","sticky":false,"template":"","format":"standard","meta":{"footnotes":""},"categories":[48],"tags":[],"class_list":{"0":"post-25834","1":"post","2":"type-post","3":"status-publish","4":"format-standard","5":"has-post-thumbnail","7":"category-geral"},"_links":{"self":[{"href":"https:\/\/jm-metropole.com.br\/site\/wp-json\/wp\/v2\/posts\/25834","targetHints":{"allow":["GET"]}}],"collection":[{"href":"https:\/\/jm-metropole.com.br\/site\/wp-json\/wp\/v2\/posts"}],"about":[{"href":"https:\/\/jm-metropole.com.br\/site\/wp-json\/wp\/v2\/types\/post"}],"author":[{"embeddable":true,"href":"https:\/\/jm-metropole.com.br\/site\/wp-json\/wp\/v2\/users\/1"}],"replies":[{"embeddable":true,"href":"https:\/\/jm-metropole.com.br\/site\/wp-json\/wp\/v2\/comments?post=25834"}],"version-history":[{"count":1,"href":"https:\/\/jm-metropole.com.br\/site\/wp-json\/wp\/v2\/posts\/25834\/revisions"}],"predecessor-version":[{"id":25836,"href":"https:\/\/jm-metropole.com.br\/site\/wp-json\/wp\/v2\/posts\/25834\/revisions\/25836"}],"wp:featuredmedia":[{"embeddable":true,"href":"https:\/\/jm-metropole.com.br\/site\/wp-json\/wp\/v2\/media\/25835"}],"wp:attachment":[{"href":"https:\/\/jm-metropole.com.br\/site\/wp-json\/wp\/v2\/media?parent=25834"}],"wp:term":[{"taxonomy":"category","embeddable":true,"href":"https:\/\/jm-metropole.com.br\/site\/wp-json\/wp\/v2\/categories?post=25834"},{"taxonomy":"post_tag","embeddable":true,"href":"https:\/\/jm-metropole.com.br\/site\/wp-json\/wp\/v2\/tags?post=25834"}],"curies":[{"name":"wp","href":"https:\/\/api.w.org\/{rel}","templated":true}]}}