{"id":25828,"date":"2025-06-26T17:36:58","date_gmt":"2025-06-26T20:36:58","guid":{"rendered":"https:\/\/jm-metropole.com.br\/site\/?p=25828"},"modified":"2025-06-26T17:36:58","modified_gmt":"2025-06-26T20:36:58","slug":"deputados-aprovam-18-de-junho-como-dia-nacional-do-orgulho-autista","status":"publish","type":"post","link":"https:\/\/jm-metropole.com.br\/site\/deputados-aprovam-18-de-junho-como-dia-nacional-do-orgulho-autista\/","title":{"rendered":"Deputados aprovam 18 de junho como Dia Nacional do Orgulho Autista"},"content":{"rendered":"<div class=\"header-noticia full-width\">\n<div class=\"linha-fina-noticia\">C\u00e2mara tamb\u00e9m define agosto m\u00eas de combate a desigualdades sociais<\/div>\n<\/div>\n<div class=\"container-autoria\"><\/div>\n<div>\n<p>A C\u00e2mara dos Deputados, aprovou o\u00a0<a href=\"https:\/\/www25.senado.leg.br\/web\/atividade\/materias\/-\/materia\/142587\" target=\"_blank\" rel=\"noopener\">Projeto de Lei (PL) n\u00ba 3.391\/2020<\/a>\u00a0nesta quinta-feira (26), que determina que o\u00a0<strong>Dia Nacional do Orgulho Autista seja celebrado em 18 de junho.<\/strong><img decoding=\"async\" src=\"https:\/\/agenciabrasil.ebc.com.br\/ebc.png?id=1648547&amp;o=node\" \/><img decoding=\"async\" src=\"https:\/\/agenciabrasil.ebc.com.br\/ebc.gif?id=1648547&amp;o=node\" \/><\/p>\n<p>De autoria do senador Rom\u00e1rio (Podemos\/RJ), o PL institui a\u00a0<strong>data com o objetivo de discutir a neurodiversidade e promover a conscientiza\u00e7\u00e3o sobre o autismo, al\u00e9m de destacar a import\u00e2ncia da inclus\u00e3o e do respeito \u00e0s diferen\u00e7as.\u00a0<\/strong><\/p>\n<p><a href=\"https:\/\/www.youtube.com\/watch?v=tt57QxIIX3Y\" target=\"_blank\" rel=\"noopener\">Em sess\u00e3o plen\u00e1ria extraordin\u00e1ria semipresencial<\/a>, a\u00a0<strong>deputada federal Erika Kokay (PT-DF) entende que a data contribuir\u00e1 para consolidar pol\u00edticas p\u00fablicas de valoriza\u00e7\u00e3o de processos de acessibilidade e de inclus\u00e3o no pa\u00eds.<\/strong><\/p>\n<blockquote><p>\u201cPara que n\u00f3s possamos construir uma sociedade onde todas as pessoas se sintam inclu\u00eddas, \u00e9 muito bom que tenhamos esse dia. E tamb\u00e9m para discutirmos os direitos das pessoas com Transtornos de Espectro Autista (TEA)\u201d, disse a deputada.<\/p><\/blockquote>\n<p>Outro parlamentar, o deputado federal Luiz Lima (Novo-RJ), defendeu a conscientiza\u00e7\u00e3o sobre o Transtorno do Espectro Autista (TEA).<\/p>\n<blockquote><p>\u00a0\u201cO projeto [de lei] promove a conscientiza\u00e7\u00e3o sobre o autismo, facilita a organiza\u00e7\u00e3o de a\u00e7\u00f5es por entidades da sociedade civil, escolas, \u00f3rg\u00e3os p\u00fablicos e empresas voltadas \u00e0 causa autista e estimula o debate sobre os direitos das pessoas autistas\u201d, listou.<\/p><\/blockquote>\n<p><strong>O texto aprovado nesta quinta-feira seguir\u00e1 para a Comiss\u00e3o de Constitui\u00e7\u00e3o, Justi\u00e7a e Cidadania (CCJ) da Casa para ajuste da reda\u00e7\u00e3o final e voltar\u00e1 ao Senado Federal para vota\u00e7\u00e3o.<\/strong><\/p>\n<h2>M\u00eas de combate \u00e0s desigualdades<\/h2>\n<p>Na mesma sess\u00e3o plen\u00e1ria, a\u00a0<strong>C\u00e2mara dos Deputados rejeitou os destaques ao<a href=\"https:\/\/www.camara.leg.br\/proposicoesWeb\/fichadetramitacao?idProposicao=2381043\" target=\"_blank\" rel=\"noopener\">\u00a0Projeto de Lei (PL) n\u00ba 4.035\/2023<\/a>\u00a0do deputado federal Guilherme Boulos (PSol-SP) que institui agosto como m\u00eas de combate a desigualdades.<\/strong><\/p>\n<p>O texto aprovado determina que o Congresso Nacional, sempre no m\u00eas de agosto, fiscalize as pol\u00edticas p\u00fablicas sociais do governo federal.<\/p>\n<p>Sem as mudan\u00e7as propostas, o projeto de lei segue para an\u00e1lise do Senado Federal.<\/p>\n<p>*Com informa\u00e7\u00f5es de Ag\u00eancia Brasil<\/p>\n<\/div>\n","protected":false},"excerpt":{"rendered":"<p>C\u00e2mara tamb\u00e9m define agosto m\u00eas de combate a desigualdades sociais A C\u00e2mara dos Deputados, aprovou o\u00a0Projeto de Lei (PL) n\u00ba 3.391\/2020\u00a0nesta quinta-feira (26), que determina que o\u00a0Dia Nacional do Orgulho Autista seja celebrado em 18 de junho. De autoria do senador Rom\u00e1rio (Podemos\/RJ), o PL institui a\u00a0data com o objetivo de discutir a neurodiversidade e [&hellip;]<\/p>\n","protected":false},"author":1,"featured_media":25829,"comment_status":"open","ping_status":"open","sticky":false,"template":"","format":"standard","meta":{"footnotes":""},"categories":[48],"tags":[],"class_list":{"0":"post-25828","1":"post","2":"type-post","3":"status-publish","4":"format-standard","5":"has-post-thumbnail","7":"category-geral"},"_links":{"self":[{"href":"https:\/\/jm-metropole.com.br\/site\/wp-json\/wp\/v2\/posts\/25828","targetHints":{"allow":["GET"]}}],"collection":[{"href":"https:\/\/jm-metropole.com.br\/site\/wp-json\/wp\/v2\/posts"}],"about":[{"href":"https:\/\/jm-metropole.com.br\/site\/wp-json\/wp\/v2\/types\/post"}],"author":[{"embeddable":true,"href":"https:\/\/jm-metropole.com.br\/site\/wp-json\/wp\/v2\/users\/1"}],"replies":[{"embeddable":true,"href":"https:\/\/jm-metropole.com.br\/site\/wp-json\/wp\/v2\/comments?post=25828"}],"version-history":[{"count":1,"href":"https:\/\/jm-metropole.com.br\/site\/wp-json\/wp\/v2\/posts\/25828\/revisions"}],"predecessor-version":[{"id":25830,"href":"https:\/\/jm-metropole.com.br\/site\/wp-json\/wp\/v2\/posts\/25828\/revisions\/25830"}],"wp:featuredmedia":[{"embeddable":true,"href":"https:\/\/jm-metropole.com.br\/site\/wp-json\/wp\/v2\/media\/25829"}],"wp:attachment":[{"href":"https:\/\/jm-metropole.com.br\/site\/wp-json\/wp\/v2\/media?parent=25828"}],"wp:term":[{"taxonomy":"category","embeddable":true,"href":"https:\/\/jm-metropole.com.br\/site\/wp-json\/wp\/v2\/categories?post=25828"},{"taxonomy":"post_tag","embeddable":true,"href":"https:\/\/jm-metropole.com.br\/site\/wp-json\/wp\/v2\/tags?post=25828"}],"curies":[{"name":"wp","href":"https:\/\/api.w.org\/{rel}","templated":true}]}}