{"id":25819,"date":"2025-06-26T13:27:35","date_gmt":"2025-06-26T16:27:35","guid":{"rendered":"https:\/\/jm-metropole.com.br\/site\/?p=25819"},"modified":"2025-06-26T13:27:35","modified_gmt":"2025-06-26T16:27:35","slug":"forum-reune-liderancas-e-amplia-escuta-ativa-de-mulheres-no-alto-tiete","status":"publish","type":"post","link":"https:\/\/jm-metropole.com.br\/site\/forum-reune-liderancas-e-amplia-escuta-ativa-de-mulheres-no-alto-tiete\/","title":{"rendered":"F\u00f3rum re\u00fane lideran\u00e7as e amplia escuta ativa de mulheres no Alto Tiet\u00ea"},"content":{"rendered":"<p>Primeira edi\u00e7\u00e3o do evento \u201cVozes que Transformam\u201d, idealizado pela coordenadora da C\u00e2mara T\u00e9cnica do CONDEMAT+, Clau Camargo, re\u00fane autoridades e convidadas especiais para debater seguran\u00e7a, viol\u00eancia dom\u00e9stica e protagonismo feminino<\/p>\n<p>Idealizado por Clau Camargo, presidente do Fundo Social de Solidariedade de Aruj\u00e1 e coordenadora da C\u00e2mara T\u00e9cnica de Pol\u00edticas P\u00fablicas para Mulheres do CONDEMAT+, o F\u00f3rum Regional de Mulheres \u2013 Vozes que Transformam teve sua primeira edi\u00e7\u00e3o realizada nesta quinta-feira (26), em Suzano.<\/p>\n<p>O evento reuniu mulheres de todo o Alto Tiet\u00ea para uma roda de conversa sobre temas urgentes como seguran\u00e7a, viol\u00eancia dom\u00e9stica, atua\u00e7\u00e3o pol\u00edtica, empreendedorismo e igualdade de g\u00eanero. A programa\u00e7\u00e3o contou ainda com a palestra \u201cElas Fazem Acontecer\u201d, da conferencista internacional Leila Navarro, que abordou lideran\u00e7a feminina, atitude e autoestima.<\/p>\n<p>\u201cCriamos este espa\u00e7o para ouvir as mulheres que est\u00e3o nos territ\u00f3rios, que atuam nas comunidades, nas institui\u00e7\u00f5es, na pol\u00edtica. Vozes que Transformam \u00e9 sobre escuta, fortalecimento e constru\u00e7\u00e3o coletiva de pol\u00edticas p\u00fablicas. Estamos aqui para valorizar as hist\u00f3rias, ampliar o di\u00e1logo e tra\u00e7ar caminhos mais justos para todas\u201d, destacou Clau Camargo durante a abertura.<\/p>\n<p>A mesa de debate foi composta por mulheres que ocupam espa\u00e7os de lideran\u00e7a e v\u00eam atuando na constru\u00e7\u00e3o de pol\u00edticas p\u00fablicas efetivas. A coronel PM Beatriz Morassi, comandante do CPAM-12, falou sobre os desafios e conquistas das mulheres na corpora\u00e7\u00e3o. \u201cSer mulher e estar no comando exige ainda mais dedica\u00e7\u00e3o e responsabilidade. Mas temos avan\u00e7ado, e a Pol\u00edcia Militar vem avan\u00e7ando na equidade\u201d, afirmou.<\/p>\n<p>A delegada seccional de Mogi das Cruzes, Margarete Barreto, apresentou o trabalho que tem desenvolvido na regi\u00e3o e defendeu a cria\u00e7\u00e3o de um plant\u00e3o humanizado nas delegacias para acolher mulheres v\u00edtimas de viol\u00eancia, independentemente do hor\u00e1rio ou da cidade.<\/p>\n<p>De acordo com Clau Camargo, a proposta vai ao encontro de um dos principais pleitos da C\u00e2mara T\u00e9cnica. \u201cEstamos trabalhando para a padroniza\u00e7\u00e3o dos boletins de ocorr\u00eancia de viol\u00eancia dom\u00e9stica em toda a regi\u00e3o, mesmo nos munic\u00edpios onde n\u00e3o h\u00e1 uma Delegacia da Mulher (DDM). Isso \u00e9 essencial para garantir o acesso r\u00e1pido aos direitos e o acolhimento que essas mulheres merecem\u201d, refor\u00e7ou Clau Camargo.<\/p>\n<p>A defensora p\u00fablica Tatiana Campos Bias Fortes, coordenadora do N\u00facleo Especializado de Defesa da Mulher (Nudem), destacou o machismo ainda presente na \u00e1rea jur\u00eddica e defendeu que o avan\u00e7o passa pela ocupa\u00e7\u00e3o de espa\u00e7os de decis\u00e3o. \u201cPensar pol\u00edticas p\u00fablicas para quem mais precisa \u00e9 o caminho. Estamos construindo solu\u00e7\u00f5es, mas \u00e9 preciso incentivar que mais mulheres estejam em posi\u00e7\u00e3o de protagonismo para consolidar essas mudan\u00e7as\u201d, pontuou.<\/p>\n<p>Larissa Ashiuchi destacou a import\u00e2ncia da coragem para que as mulheres ocupem os espa\u00e7os que merecem e falou dos desafios e conquistas que liderou \u00e0 frente do Fundo Social de Solidariedade de Suzano, na gest\u00e3o anterior.<\/p>\n<p>A media\u00e7\u00e3o da roda de conversa foi feita por Clau Camargo, com apoio da presidente do Fundo Social de Suzano, Deborah Raffoul. Ao final, Clau reafirmou o compromisso de levar o F\u00f3rum para outros munic\u00edpios da regi\u00e3o: \u201cNosso objetivo \u00e9 ampliar a escuta ativa, compartilhar informa\u00e7\u00f5es e garantir representatividade. Vamos percorrer o Alto Tiet\u00ea com esse movimento que valoriza as vozes femininas e fortalece a constru\u00e7\u00e3o de pol\u00edticas p\u00fablicas que verdadeiramente atendam \u00e0s mulheres.\u201d<\/p>\n<p>A pr\u00f3xima edi\u00e7\u00e3o do F\u00f3rum est\u00e1 prevista para o segundo semestre, em Aruj\u00e1.<\/p>\n","protected":false},"excerpt":{"rendered":"<p>Primeira edi\u00e7\u00e3o do evento \u201cVozes que Transformam\u201d, idealizado pela coordenadora da C\u00e2mara T\u00e9cnica do CONDEMAT+, Clau Camargo, re\u00fane autoridades e convidadas especiais para debater seguran\u00e7a, viol\u00eancia dom\u00e9stica e protagonismo feminino Idealizado por Clau Camargo, presidente do Fundo Social de Solidariedade de Aruj\u00e1 e coordenadora da C\u00e2mara T\u00e9cnica de Pol\u00edticas P\u00fablicas para Mulheres do CONDEMAT+, o [&hellip;]<\/p>\n","protected":false},"author":1,"featured_media":25820,"comment_status":"open","ping_status":"open","sticky":false,"template":"","format":"standard","meta":{"footnotes":""},"categories":[1],"tags":[],"class_list":{"0":"post-25819","1":"post","2":"type-post","3":"status-publish","4":"format-standard","5":"has-post-thumbnail","7":"category-tudo"},"_links":{"self":[{"href":"https:\/\/jm-metropole.com.br\/site\/wp-json\/wp\/v2\/posts\/25819","targetHints":{"allow":["GET"]}}],"collection":[{"href":"https:\/\/jm-metropole.com.br\/site\/wp-json\/wp\/v2\/posts"}],"about":[{"href":"https:\/\/jm-metropole.com.br\/site\/wp-json\/wp\/v2\/types\/post"}],"author":[{"embeddable":true,"href":"https:\/\/jm-metropole.com.br\/site\/wp-json\/wp\/v2\/users\/1"}],"replies":[{"embeddable":true,"href":"https:\/\/jm-metropole.com.br\/site\/wp-json\/wp\/v2\/comments?post=25819"}],"version-history":[{"count":1,"href":"https:\/\/jm-metropole.com.br\/site\/wp-json\/wp\/v2\/posts\/25819\/revisions"}],"predecessor-version":[{"id":25821,"href":"https:\/\/jm-metropole.com.br\/site\/wp-json\/wp\/v2\/posts\/25819\/revisions\/25821"}],"wp:featuredmedia":[{"embeddable":true,"href":"https:\/\/jm-metropole.com.br\/site\/wp-json\/wp\/v2\/media\/25820"}],"wp:attachment":[{"href":"https:\/\/jm-metropole.com.br\/site\/wp-json\/wp\/v2\/media?parent=25819"}],"wp:term":[{"taxonomy":"category","embeddable":true,"href":"https:\/\/jm-metropole.com.br\/site\/wp-json\/wp\/v2\/categories?post=25819"},{"taxonomy":"post_tag","embeddable":true,"href":"https:\/\/jm-metropole.com.br\/site\/wp-json\/wp\/v2\/tags?post=25819"}],"curies":[{"name":"wp","href":"https:\/\/api.w.org\/{rel}","templated":true}]}}