{"id":25813,"date":"2025-06-26T13:23:53","date_gmt":"2025-06-26T16:23:53","guid":{"rendered":"https:\/\/jm-metropole.com.br\/site\/?p=25813"},"modified":"2025-06-26T13:23:53","modified_gmt":"2025-06-26T16:23:53","slug":"camara-de-aruja-aprova-criacao-da-procuradoria-especial-da-crianca-e-do-adolescente","status":"publish","type":"post","link":"https:\/\/jm-metropole.com.br\/site\/camara-de-aruja-aprova-criacao-da-procuradoria-especial-da-crianca-e-do-adolescente\/","title":{"rendered":"C\u00e2mara de Aruj\u00e1 aprova cria\u00e7\u00e3o da Procuradoria Especial da Crian\u00e7a e do Adolescente"},"content":{"rendered":"<p>\u00e2mara Municipal de Aruj\u00e1 deu um passo importante na promo\u00e7\u00e3o e defesa dos direitos das crian\u00e7as e adolescentes com a aprova\u00e7\u00e3o, na noite desta segunda-feira (23), do Projeto de Resolu\u00e7\u00e3o que cria a Procuradoria Especial da Crian\u00e7a e do Adolescente no \u00e2mbito do Legislativo arujaense.<\/p>\n<p>A Procuradoria tamb\u00e9m ter\u00e1 como atribui\u00e7\u00f5es propor, acompanhar e fiscalizar a\u00e7\u00f5es do poder p\u00fablico que envolvam os direitos da crian\u00e7a e do adolescente<\/p>\n<p>\u00f3rg\u00e3o tamb\u00e9m atuar\u00e1 em conjunto com comiss\u00f5es da Casa na an\u00e1lise de propostas ligadas \u00e0s fam\u00edlias, participar\u00e1 de reuni\u00f5es com conselhos municipais da \u00e1rea social e incentivar\u00e1 a participa\u00e7\u00e3o da sociedade civil na constru\u00e7\u00e3o de pol\u00edticas p\u00fablicas.<\/p>\n<p>Leia a mat\u00e9ria na \u00edntegra aqui: https:\/\/www.camaraaruja.sp.gov.br\/noticias\/camara-de-aruja-aprova-criacao-da-procuradoria-especial-da-crianca-e-do-adolescente<\/p>\n","protected":false},"excerpt":{"rendered":"<p>\u00e2mara Municipal de Aruj\u00e1 deu um passo importante na promo\u00e7\u00e3o e defesa dos direitos das crian\u00e7as e adolescentes com a aprova\u00e7\u00e3o, na noite desta segunda-feira (23), do Projeto de Resolu\u00e7\u00e3o que cria a Procuradoria Especial da Crian\u00e7a e do Adolescente no \u00e2mbito do Legislativo arujaense. A Procuradoria tamb\u00e9m ter\u00e1 como atribui\u00e7\u00f5es propor, acompanhar e fiscalizar [&hellip;]<\/p>\n","protected":false},"author":1,"featured_media":25814,"comment_status":"open","ping_status":"open","sticky":false,"template":"","format":"standard","meta":{"footnotes":""},"categories":[1],"tags":[],"class_list":{"0":"post-25813","1":"post","2":"type-post","3":"status-publish","4":"format-standard","5":"has-post-thumbnail","7":"category-tudo"},"_links":{"self":[{"href":"https:\/\/jm-metropole.com.br\/site\/wp-json\/wp\/v2\/posts\/25813","targetHints":{"allow":["GET"]}}],"collection":[{"href":"https:\/\/jm-metropole.com.br\/site\/wp-json\/wp\/v2\/posts"}],"about":[{"href":"https:\/\/jm-metropole.com.br\/site\/wp-json\/wp\/v2\/types\/post"}],"author":[{"embeddable":true,"href":"https:\/\/jm-metropole.com.br\/site\/wp-json\/wp\/v2\/users\/1"}],"replies":[{"embeddable":true,"href":"https:\/\/jm-metropole.com.br\/site\/wp-json\/wp\/v2\/comments?post=25813"}],"version-history":[{"count":1,"href":"https:\/\/jm-metropole.com.br\/site\/wp-json\/wp\/v2\/posts\/25813\/revisions"}],"predecessor-version":[{"id":25815,"href":"https:\/\/jm-metropole.com.br\/site\/wp-json\/wp\/v2\/posts\/25813\/revisions\/25815"}],"wp:featuredmedia":[{"embeddable":true,"href":"https:\/\/jm-metropole.com.br\/site\/wp-json\/wp\/v2\/media\/25814"}],"wp:attachment":[{"href":"https:\/\/jm-metropole.com.br\/site\/wp-json\/wp\/v2\/media?parent=25813"}],"wp:term":[{"taxonomy":"category","embeddable":true,"href":"https:\/\/jm-metropole.com.br\/site\/wp-json\/wp\/v2\/categories?post=25813"},{"taxonomy":"post_tag","embeddable":true,"href":"https:\/\/jm-metropole.com.br\/site\/wp-json\/wp\/v2\/tags?post=25813"}],"curies":[{"name":"wp","href":"https:\/\/api.w.org\/{rel}","templated":true}]}}