{"id":25805,"date":"2025-06-26T10:48:06","date_gmt":"2025-06-26T13:48:06","guid":{"rendered":"https:\/\/jm-metropole.com.br\/site\/?p=25805"},"modified":"2025-06-26T10:48:06","modified_gmt":"2025-06-26T13:48:06","slug":"ibge-lanca-programa-de-inteligencia-para-fortalecer-politicas-publicas","status":"publish","type":"post","link":"https:\/\/jm-metropole.com.br\/site\/ibge-lanca-programa-de-inteligencia-para-fortalecer-politicas-publicas\/","title":{"rendered":"IBGE lan\u00e7a programa de intelig\u00eancia para fortalecer pol\u00edticas p\u00fablicas"},"content":{"rendered":"<div class=\"header-noticia full-width\">\n<div class=\"linha-fina-noticia\">Ser\u00e3o realizadas oficinas previstas para come\u00e7ar em julho<\/div>\n<\/div>\n<div class=\"container-autoria\"><\/div>\n<div>\n<p><strong>O Instituto Brasileiro de Geografia e Estat\u00edstica (IBGE) lan\u00e7ou na ter\u00e7a-feira (24) o Programa Nacional de Intelig\u00eancia e Governan\u00e7a Estat\u00edstica e Geocient\u00edfica para subsidiar pol\u00edticas p\u00fablicas preditivas.\u00a0<\/strong>A iniciativa ocorre em parceria com o Servi\u00e7o Federal de Processamento de Dados (Serpro).<img decoding=\"async\" src=\"https:\/\/agenciabrasil.ebc.com.br\/ebc.png?id=1648326&amp;o=node\" \/><img decoding=\"async\" src=\"https:\/\/agenciabrasil.ebc.com.br\/ebc.gif?id=1648326&amp;o=node\" \/><\/p>\n<p>A proposta \u00e9 usar dados estat\u00edsticos e geocient\u00edficos, com foco na antecipa\u00e7\u00e3o de cen\u00e1rios futuros. O programa pretende melhorar a capacidade do Estado de identificar problemas e oportunidades. A partir da\u00ed, auxiliar na formula\u00e7\u00e3o de pol\u00edticas p\u00fablicas eficazes, sustent\u00e1veis e voltadas ao m\u00e9dio e longo prazo.<\/p>\n<blockquote><p>\u201cEstamos falando de sete minist\u00e9rios, que v\u00e3o desde o Minist\u00e9rio de Rela\u00e7\u00f5es Exteriores ao Minist\u00e9rio do Desenvolvimento Social e do Planejamento. Minist\u00e9rios comprometidos com pol\u00edticas p\u00fablicas e que desejam inovar por meio das informa\u00e7\u00f5es que o IBGE poder\u00e1 oferecer de forma consistente, a partir do acesso e da integra\u00e7\u00e3o de bancos de dados aos quais hoje ainda n\u00e3o temos acesso\u201d, disse o presidente do IBGE Marcio Pochmann.<\/p><\/blockquote>\n<p>O programa tem foco no bi\u00eanio 2025\u20132026 e prev\u00ea o desenvolvimento de plataformas anal\u00edticas estrat\u00e9gicas que concentrem e processem grandes volumes de dados de diferentes \u00e1reas e \u00f3rg\u00e3os da administra\u00e7\u00e3o p\u00fablica.<\/p>\n<p><strong>As oficinas est\u00e3o previstas para come\u00e7ar em julho. Ser\u00e1 lan\u00e7ado um site oficial para o acompanhamento das a\u00e7\u00f5es do programa.<\/strong><\/p>\n<p>*Com informa\u00e7\u00f5es de Ag\u00eancia Brasil<\/p>\n<\/div>\n","protected":false},"excerpt":{"rendered":"<p>Ser\u00e3o realizadas oficinas previstas para come\u00e7ar em julho O Instituto Brasileiro de Geografia e Estat\u00edstica (IBGE) lan\u00e7ou na ter\u00e7a-feira (24) o Programa Nacional de Intelig\u00eancia e Governan\u00e7a Estat\u00edstica e Geocient\u00edfica para subsidiar pol\u00edticas p\u00fablicas preditivas.\u00a0A iniciativa ocorre em parceria com o Servi\u00e7o Federal de Processamento de Dados (Serpro). A proposta \u00e9 usar dados estat\u00edsticos e [&hellip;]<\/p>\n","protected":false},"author":1,"featured_media":25806,"comment_status":"open","ping_status":"open","sticky":false,"template":"","format":"standard","meta":{"footnotes":""},"categories":[48],"tags":[],"class_list":{"0":"post-25805","1":"post","2":"type-post","3":"status-publish","4":"format-standard","5":"has-post-thumbnail","7":"category-geral"},"_links":{"self":[{"href":"https:\/\/jm-metropole.com.br\/site\/wp-json\/wp\/v2\/posts\/25805","targetHints":{"allow":["GET"]}}],"collection":[{"href":"https:\/\/jm-metropole.com.br\/site\/wp-json\/wp\/v2\/posts"}],"about":[{"href":"https:\/\/jm-metropole.com.br\/site\/wp-json\/wp\/v2\/types\/post"}],"author":[{"embeddable":true,"href":"https:\/\/jm-metropole.com.br\/site\/wp-json\/wp\/v2\/users\/1"}],"replies":[{"embeddable":true,"href":"https:\/\/jm-metropole.com.br\/site\/wp-json\/wp\/v2\/comments?post=25805"}],"version-history":[{"count":1,"href":"https:\/\/jm-metropole.com.br\/site\/wp-json\/wp\/v2\/posts\/25805\/revisions"}],"predecessor-version":[{"id":25807,"href":"https:\/\/jm-metropole.com.br\/site\/wp-json\/wp\/v2\/posts\/25805\/revisions\/25807"}],"wp:featuredmedia":[{"embeddable":true,"href":"https:\/\/jm-metropole.com.br\/site\/wp-json\/wp\/v2\/media\/25806"}],"wp:attachment":[{"href":"https:\/\/jm-metropole.com.br\/site\/wp-json\/wp\/v2\/media?parent=25805"}],"wp:term":[{"taxonomy":"category","embeddable":true,"href":"https:\/\/jm-metropole.com.br\/site\/wp-json\/wp\/v2\/categories?post=25805"},{"taxonomy":"post_tag","embeddable":true,"href":"https:\/\/jm-metropole.com.br\/site\/wp-json\/wp\/v2\/tags?post=25805"}],"curies":[{"name":"wp","href":"https:\/\/api.w.org\/{rel}","templated":true}]}}