{"id":25802,"date":"2025-06-26T10:45:30","date_gmt":"2025-06-26T13:45:30","guid":{"rendered":"https:\/\/jm-metropole.com.br\/site\/?p=25802"},"modified":"2025-06-26T10:51:12","modified_gmt":"2025-06-26T13:51:12","slug":"precos-de-alimentos-caem-e-previa-da-inflacao-de-junho-fica-em-026","status":"publish","type":"post","link":"https:\/\/jm-metropole.com.br\/site\/precos-de-alimentos-caem-e-previa-da-inflacao-de-junho-fica-em-026\/","title":{"rendered":"Pre\u00e7os de alimentos caem e pr\u00e9via da infla\u00e7\u00e3o de junho fica em 0,26%"},"content":{"rendered":"<div class=\"header-noticia full-width\">\n<div class=\"linha-fina-noticia\">\u00c9 o 1\u00ba recuo do grupo alimenta\u00e7\u00e3o em nove meses, aponta IBGE<\/div>\n<\/div>\n<div class=\"container-autoria\"><\/div>\n<div>\n<p><strong>Depois de nove meses seguidos de alta, os pre\u00e7os dos alimentos apresentaram queda em junho e ajudaram a fazer o \u00cdndice Nacional de Pre\u00e7os ao Consumidor Amplo 15 (IPCA-15) \u2013 tamb\u00e9m conhecido como pr\u00e9via da infla\u00e7\u00e3o oficial \u2013 fechar em 0,26%.<\/strong><img decoding=\"async\" src=\"https:\/\/agenciabrasil.ebc.com.br\/ebc.png?id=1648486&amp;o=node\" \/><img decoding=\"async\" src=\"https:\/\/agenciabrasil.ebc.com.br\/ebc.gif?id=1648486&amp;o=node\" \/><\/p>\n<p>Os dados foram divulgados nesta quinta-feira (26) pelo Instituto Brasileiro de Geografia e Estat\u00edstica (IBGE). Esse resultado representa o quarto m\u00eas seguido de desacelera\u00e7\u00e3o, ou seja, a infla\u00e7\u00e3o est\u00e1 perdendo for\u00e7a.<\/p>\n<p>Veja o comportamento do IPCA-15 desde fevereiro, quando foi apurado o maior \u00edndice do ano:<\/p>\n<p>Fevereiro: 1,23%<\/p>\n<p>Mar\u00e7o: 0,64%<\/p>\n<p>Abril: 0,43%<\/p>\n<p>Maio: 0,36%<\/p>\n<p>Junho: 0,26%<\/p>\n<p>O resultado de junho tamb\u00e9m deixa o IPCA-15 abaixo do registrado no mesmo m\u00eas do ano passado (0,39%).\u00a0<strong>No acumulado de 12 meses, o \u00edndice soma 5,27%.<\/strong><\/p>\n<h2>Influ\u00eancias<\/h2>\n<p>Dos nove grupos de produtos e servi\u00e7os pesquisados pelo IBGE, sete apresentaram alta em junho.\u00a0<strong>Al\u00e9m da alimenta\u00e7\u00e3o, o outro grupamento com recuo nos pre\u00e7os foi educa\u00e7\u00e3o (-0,02%)<\/strong>.<\/p>\n<p><strong>Entre os que tiveram alta, a maior press\u00e3o veio da habita\u00e7\u00e3o, que subiu 1,08%, representando impacto de 0,16 ponto percentual (p.p.) no IPCA-15.<\/strong><\/p>\n<p>&#8211; Habita\u00e7\u00e3o: 1,08%<\/p>\n<p>&#8211; Vestu\u00e1rio: 0,51%<\/p>\n<p>&#8211; Sa\u00fade e cuidados pessoais: 0,29%<\/p>\n<p>&#8211; Despesas pessoais: 0,19%<\/p>\n<p>&#8211; Artigos de resid\u00eancia: 0,11%<\/p>\n<p>&#8211; Transportes: 0,06%<\/p>\n<p>&#8211; Comunica\u00e7\u00e3o: 0,02%<\/p>\n<p>&#8211; Alimenta\u00e7\u00e3o e bebidas: -0,02%<\/p>\n<p>&#8211; Educa\u00e7\u00e3o: -0,02%<\/p>\n<p><strong>O grupo habita\u00e7\u00e3o foi influenciado pelo subitem energia el\u00e9trica residencial \u2013 o que mais contribuiu para a infla\u00e7\u00e3o dentre todos os 377 produtos e servi\u00e7os pesquisados pelo IBGE.<\/strong><\/p>\n<p><strong>A conta de luz nos lares ficou 3,29% mais cara (impacto de 0,13 p.p.) por causa da incorpora\u00e7\u00e3o da bandeira tarif\u00e1ria vermelha patamar 1,<\/strong>\u00a0com a\u00a0<a href=\"https:\/\/agenciabrasil.ebc.com.br\/economia\/noticia\/2025-05\/conta-de-luz-tera-bandeira-vermelha-em-junho-anuncia-aneel\" target=\"_blank\" rel=\"noopener\">cobran\u00e7a adicional de R$ 4,46 na fatura a cada 100 quilowatts-hora (kWh) consumidos<\/a>, que passou a vigorar em junho.<\/p>\n<h2>Impactos negativos<\/h2>\n<p>Dos quatro principais impactos negativos no \u00edndice, tr\u00eas s\u00e3o subitens do grupo alimenta\u00e7\u00e3o:<\/p>\n<p>Tomate: -7,24% (-0,02 p.p.)<\/p>\n<p>Ovo de galinha: -6,95% (-0,02 p.p.)<\/p>\n<p>Arroz: -3,44% (-0,02 p.p.)<\/p>\n<p>As frutas ficaram 2,47% mais baratas.\u00a0<strong>A cebola (9,54%) e o caf\u00e9 mo\u00eddo (2,86%), por outro lado, subiram.<\/strong><\/p>\n<p><strong>A defla\u00e7\u00e3o dos alimentos em junho \u00e9 a primeira desde agosto de 2024, quando os pre\u00e7os tinham ca\u00eddo 0,80%.<\/strong>\u00a0Desde ent\u00e3o, foram nove meses de alta, tendo o pico sido atingido em dezembro (1,47%). Em maio, a eleva\u00e7\u00e3o foi 0,39%.<\/p>\n<p>A gasolina, subitem que tem o maior peso na cesta de pre\u00e7os apurada pelos pesquisadores, recuou 0,52%, tirando 0,03 p.p. do IPCA-15. O grupo combust\u00edveis como um todo recuou 0,69%.<\/p>\n<p>&#8211; \u00f3leo diesel (-1,74%)<\/p>\n<p>&#8211; etanol (-1,66%)<\/p>\n<p>&#8211; gasolina (-0,52%)<\/p>\n<p>&#8211; g\u00e1s veicular (-0,33%)<\/p>\n<h2>O \u00edndice<\/h2>\n<p>O IPCA-15 tem basicamente a mesma metodologia do IPCA, a chamada infla\u00e7\u00e3o oficial, que serve de base para a pol\u00edtica de meta de infla\u00e7\u00e3o do governo: 3% em 12 meses, com margem de toler\u00e2ncia de 1,5 p.p. para mais ou para menos.<\/p>\n<p>A diferen\u00e7a est\u00e1 no per\u00edodo de coleta de pre\u00e7os e na abrang\u00eancia geogr\u00e1fica. Na pr\u00e9via, a pesquisa e feita e divulgada antes mesmo de acabar o m\u00eas de refer\u00eancia.\u00a0<strong>Em rela\u00e7\u00e3o \u00e0 divulga\u00e7\u00e3o atual, o per\u00edodo de coleta foi de 16 de maio a 13 de junho.<\/strong><\/p>\n<p><strong>Ambos os \u00edndices levam em considera\u00e7\u00e3o uma cesta de produtos e servi\u00e7os para fam\u00edlias com rendimentos entre um e 40 sal\u00e1rios m\u00ednimos. Atualmente o valor do m\u00ednimo \u00e9 R$ 1.518.<\/strong><\/p>\n<p>O IPCA-15 coleta pre\u00e7os em 11 localidades do pa\u00eds (as regi\u00f5es metropolitanas do Rio de Janeiro, Porto Alegre, Belo Horizonte, Recife, S\u00e3o Paulo, Bel\u00e9m, Fortaleza, Salvador e Curitiba, al\u00e9m de Bras\u00edlia e Goi\u00e2nia.); e o IPCA, 16 localidades (inclui Vit\u00f3ria, Campo Grande, Rio Branco, S\u00e3o Lu\u00eds e Aracaju).\u00a0<strong>O IPCA cheio de junho ser\u00e1 divulgado em 10 de julho.<\/strong><\/p>\n<p>*Com informa\u00e7\u00f5es de Ag\u00eancia Brasil<\/p>\n<\/div>\n","protected":false},"excerpt":{"rendered":"<p>\u00c9 o 1\u00ba recuo do grupo alimenta\u00e7\u00e3o em nove meses, aponta IBGE Depois de nove meses seguidos de alta, os pre\u00e7os dos alimentos apresentaram queda em junho e ajudaram a fazer o \u00cdndice Nacional de Pre\u00e7os ao Consumidor Amplo 15 (IPCA-15) \u2013 tamb\u00e9m conhecido como pr\u00e9via da infla\u00e7\u00e3o oficial \u2013 fechar em 0,26%. Os dados [&hellip;]<\/p>\n","protected":false},"author":1,"featured_media":25808,"comment_status":"open","ping_status":"open","sticky":false,"template":"","format":"standard","meta":{"footnotes":""},"categories":[1],"tags":[],"class_list":{"0":"post-25802","1":"post","2":"type-post","3":"status-publish","4":"format-standard","5":"has-post-thumbnail","7":"category-tudo"},"_links":{"self":[{"href":"https:\/\/jm-metropole.com.br\/site\/wp-json\/wp\/v2\/posts\/25802","targetHints":{"allow":["GET"]}}],"collection":[{"href":"https:\/\/jm-metropole.com.br\/site\/wp-json\/wp\/v2\/posts"}],"about":[{"href":"https:\/\/jm-metropole.com.br\/site\/wp-json\/wp\/v2\/types\/post"}],"author":[{"embeddable":true,"href":"https:\/\/jm-metropole.com.br\/site\/wp-json\/wp\/v2\/users\/1"}],"replies":[{"embeddable":true,"href":"https:\/\/jm-metropole.com.br\/site\/wp-json\/wp\/v2\/comments?post=25802"}],"version-history":[{"count":1,"href":"https:\/\/jm-metropole.com.br\/site\/wp-json\/wp\/v2\/posts\/25802\/revisions"}],"predecessor-version":[{"id":25804,"href":"https:\/\/jm-metropole.com.br\/site\/wp-json\/wp\/v2\/posts\/25802\/revisions\/25804"}],"wp:featuredmedia":[{"embeddable":true,"href":"https:\/\/jm-metropole.com.br\/site\/wp-json\/wp\/v2\/media\/25808"}],"wp:attachment":[{"href":"https:\/\/jm-metropole.com.br\/site\/wp-json\/wp\/v2\/media?parent=25802"}],"wp:term":[{"taxonomy":"category","embeddable":true,"href":"https:\/\/jm-metropole.com.br\/site\/wp-json\/wp\/v2\/categories?post=25802"},{"taxonomy":"post_tag","embeddable":true,"href":"https:\/\/jm-metropole.com.br\/site\/wp-json\/wp\/v2\/tags?post=25802"}],"curies":[{"name":"wp","href":"https:\/\/api.w.org\/{rel}","templated":true}]}}