{"id":25792,"date":"2025-06-25T18:34:39","date_gmt":"2025-06-25T21:34:39","guid":{"rendered":"https:\/\/jm-metropole.com.br\/site\/?p=25792"},"modified":"2025-06-25T18:36:30","modified_gmt":"2025-06-25T21:36:30","slug":"cultura-guarulhense-e-finalista-do-premio-governador-do-estado-para-as-artes","status":"publish","type":"post","link":"https:\/\/jm-metropole.com.br\/site\/cultura-guarulhense-e-finalista-do-premio-governador-do-estado-para-as-artes\/","title":{"rendered":"Cultura guarulhense \u00e9 finalista do Pr\u00eamio Governador do Estado para as Artes"},"content":{"rendered":"<p>Tr\u00eas projetos culturais guarulhenses chegaram \u00e0 final do Pr\u00eamio Governador do Estado para as Artes 2025, cuja cerim\u00f4nia aconteceu na noite da \u00faltima ter\u00e7a-feira (24), no Pal\u00e1cio dos Bandeirantes. S\u00e3o eles Caf\u00e9 Moda e Viola, Divas do Malabarismo e a Caminhada Musical para a Terceira Idade, sendo que este recebeu o trof\u00e9u na categoria M\u00fasica.<\/p>\n<p>O projeto vencedor re\u00fane atividade f\u00edsica leve com concertos de m\u00fasica cl\u00e1ssica e instrumental ao ar livre. Idealizado por Giane Martins e voltado para a terceira idade, a Caminhada Musical \u00e9 uma forma de estimular o bem-estar emocional e mental, al\u00e9m de incentivar a socializa\u00e7\u00e3o.<\/p>\n<p>\u201cGuarulhos tem uma produ\u00e7\u00e3o cultural enorme e de alt\u00edssima qualidade. Esse reconhecimento \u00e9 para n\u00f3s a prova de que estamos sendo vistos e que podemos crescer cada vez mais\u201d, celebrou o secret\u00e1rio de Cultura, Jo\u00e3o Vaz, que representou a cidade no evento ao lado da diretora do Departamento de Atividades Culturais, Solange Gon\u00e7alves.<\/p>\n<p>Realizado pela Secretaria da Cultura, Economia e Ind\u00fastria Criativas do Estado de S\u00e3o Paulo, a premia\u00e7\u00e3o busca reconhecer os talentos culturais do estado e, este ano, entregou pr\u00eamios para 13 cidades.<\/p>\n<p>Conhe\u00e7a os outros finalistas<\/p>\n<p>O Caf\u00e9, Moda e Viola, que concorreu na categoria Iniciativas Culturais do Setor P\u00fablico, \u00e9 um projeto da Prefeitura de Guarulhos que trabalha a valoriza\u00e7\u00e3o da m\u00fasica caipira tradicional, com shows mensais que promovem o encontro de m\u00fasicos com o p\u00fablico em espa\u00e7os p\u00fablicos. A celebra\u00e7\u00e3o foi idealizada pelo servidor da Secretaria de Cultura, Paulinho Trewasae, em parceria com Vera Lucia Ambrisi.<\/p>\n<p>Na categoria Circo, o projeto Divas do Malabarismo, criado por Carol Rigoletto, homenageia mulheres que marcaram a hist\u00f3ria do malabarismo no Brasil e no mundo.<\/p>\n","protected":false},"excerpt":{"rendered":"<p>Tr\u00eas projetos culturais guarulhenses chegaram \u00e0 final do Pr\u00eamio Governador do Estado para as Artes 2025, cuja cerim\u00f4nia aconteceu na noite da \u00faltima ter\u00e7a-feira (24), no Pal\u00e1cio dos Bandeirantes. S\u00e3o eles Caf\u00e9 Moda e Viola, Divas do Malabarismo e a Caminhada Musical para a Terceira Idade, sendo que este recebeu o trof\u00e9u na categoria M\u00fasica. [&hellip;]<\/p>\n","protected":false},"author":1,"featured_media":25793,"comment_status":"open","ping_status":"open","sticky":false,"template":"","format":"standard","meta":{"footnotes":""},"categories":[3],"tags":[],"class_list":{"0":"post-25792","1":"post","2":"type-post","3":"status-publish","4":"format-standard","5":"has-post-thumbnail","7":"category-guarulhos"},"_links":{"self":[{"href":"https:\/\/jm-metropole.com.br\/site\/wp-json\/wp\/v2\/posts\/25792","targetHints":{"allow":["GET"]}}],"collection":[{"href":"https:\/\/jm-metropole.com.br\/site\/wp-json\/wp\/v2\/posts"}],"about":[{"href":"https:\/\/jm-metropole.com.br\/site\/wp-json\/wp\/v2\/types\/post"}],"author":[{"embeddable":true,"href":"https:\/\/jm-metropole.com.br\/site\/wp-json\/wp\/v2\/users\/1"}],"replies":[{"embeddable":true,"href":"https:\/\/jm-metropole.com.br\/site\/wp-json\/wp\/v2\/comments?post=25792"}],"version-history":[{"count":1,"href":"https:\/\/jm-metropole.com.br\/site\/wp-json\/wp\/v2\/posts\/25792\/revisions"}],"predecessor-version":[{"id":25794,"href":"https:\/\/jm-metropole.com.br\/site\/wp-json\/wp\/v2\/posts\/25792\/revisions\/25794"}],"wp:featuredmedia":[{"embeddable":true,"href":"https:\/\/jm-metropole.com.br\/site\/wp-json\/wp\/v2\/media\/25793"}],"wp:attachment":[{"href":"https:\/\/jm-metropole.com.br\/site\/wp-json\/wp\/v2\/media?parent=25792"}],"wp:term":[{"taxonomy":"category","embeddable":true,"href":"https:\/\/jm-metropole.com.br\/site\/wp-json\/wp\/v2\/categories?post=25792"},{"taxonomy":"post_tag","embeddable":true,"href":"https:\/\/jm-metropole.com.br\/site\/wp-json\/wp\/v2\/tags?post=25792"}],"curies":[{"name":"wp","href":"https:\/\/api.w.org\/{rel}","templated":true}]}}