{"id":25783,"date":"2025-06-25T14:30:55","date_gmt":"2025-06-25T17:30:55","guid":{"rendered":"https:\/\/jm-metropole.com.br\/site\/?p=25783"},"modified":"2025-06-25T14:30:55","modified_gmt":"2025-06-25T17:30:55","slug":"capital-de-sao-paulo-registra-dia-mais-frio-do-ano","status":"publish","type":"post","link":"https:\/\/jm-metropole.com.br\/site\/capital-de-sao-paulo-registra-dia-mais-frio-do-ano\/","title":{"rendered":"Capital de S\u00e3o Paulo registra dia mais frio do ano"},"content":{"rendered":"<div class=\"header-noticia full-width\">\n<div class=\"linha-fina-noticia\">M\u00e9dia de temperatura na capital paulista foi 6\u00baC<\/div>\n<\/div>\n<div class=\"container-autoria\">\n<p><strong>A cidade de S\u00e3o Paulo amanheceu nesta quarta-feira (25) com a menor temperatura do ano.<\/strong>\u00a0Segundo o Centro de Gerenciamento de Emerg\u00eancias Clim\u00e1ticas (CGE) da Prefeitura de S\u00e3o Paulo, a m\u00e9dia de temperatura na capital paulista foi 6\u00baC.<img decoding=\"async\" src=\"https:\/\/agenciabrasil.ebc.com.br\/ebc.png?id=1648244&amp;o=node\" \/><img decoding=\"async\" src=\"https:\/\/agenciabrasil.ebc.com.br\/ebc.gif?id=1648244&amp;o=node\" \/><\/p>\n<p><strong>A regi\u00e3o que apresentou a menor temperatura foi a esta\u00e7\u00e3o Parelheiros &#8211; Rodoanel, no extremo sul da cidade, que registrou -0,3\u00baC.<\/strong><\/p>\n<p>O CGE tamb\u00e9m aponta que junho registrou at\u00e9 o momento 47,8 mm de chuva. Desde o domingo (22), a Defesa Civil Municipal declarou estado de alerta para baixas temperaturas.<\/p>\n<p><strong>As temperaturas mais baixas refletem a passagem de um ciclone extratropical oce\u00e2nico que subiu pr\u00f3ximo ao Uruguai at\u00e9 a altura do litoral paulista.<\/strong><\/p>\n<h2>Tend\u00eancia<\/h2>\n<p>Na quinta-feira (26), a tend\u00eancia \u00e9 que o frio diminua, com previs\u00e3o de m\u00ednima em torno dos 11\u00baC. Contudo,\u00a0<strong>regi\u00f5es perif\u00e9ricas do centro podem ter temperaturas bem abaixo da m\u00e9dia da cidade. A m\u00e1xima prevista \u00e9 de 24\u00baC, com percentuais de umidade pr\u00f3ximos a 35%.<\/strong><\/p>\n<p><strong>J\u00e1 na sexta-feira (27), as condi\u00e7\u00f5es clim\u00e1ticas mudam com a proximidade de uma nova frente fria de fraca intensidade.<\/strong><\/p>\n<p>A\u00a0<strong>madrugada ser\u00e1 com c\u00e9u nublado e os term\u00f4metros apontam m\u00ednima de 15\u00b0C e m\u00e1xima de 22\u00baC<\/strong>.\u00a0<strong>Os \u00edndices de umidade do ar se elevam, com valores m\u00ednimos pr\u00f3ximos aos 60%.<\/strong><\/p>\n<h2>Estado<\/h2>\n<p>No estado, v\u00e1rias regi\u00f5es registraram baixas temperaturas.\u00a0<strong>A com a mais baixa foi a do Vale do Ribeira e regi\u00e3o de Itapeva, com 3\u00baC. Na Serra da Mantiqueira, o frio chegou a quatro graus.<\/strong><\/p>\n<p><strong>A Defesa Civil alerta para chuvas fortes e continua\u00e7\u00e3o do frio intenso no territ\u00f3rio paulista.<\/strong><\/p>\n<p>As regi\u00f5es de Presidente Prudente, Ara\u00e7atuba, Ribeir\u00e3o Preto, S\u00e3o Jos\u00e9 do Rio Preto, Barretos, Franca, Araraquara, Bauru e Mar\u00edlia devem registrar chuvas e rajadas de vento com intensidade moderada.<\/p>\n<p><strong>J\u00e1 as regi\u00f5es de Itapeva, Registro, Campinas, Sorocaba, Regi\u00e3o Metropolitana de S\u00e3o Paulo, Vale do Para\u00edba e todo o litoral paulista devem se preparar para chuvas e ventos com forte intensidade.<\/strong><\/p>\n<p>*Com informa\u00e7\u00f5es de Ag\u00eancia Brasil<\/p>\n<\/div>\n","protected":false},"excerpt":{"rendered":"<p>M\u00e9dia de temperatura na capital paulista foi 6\u00baC A cidade de S\u00e3o Paulo amanheceu nesta quarta-feira (25) com a menor temperatura do ano.\u00a0Segundo o Centro de Gerenciamento de Emerg\u00eancias Clim\u00e1ticas (CGE) da Prefeitura de S\u00e3o Paulo, a m\u00e9dia de temperatura na capital paulista foi 6\u00baC. A regi\u00e3o que apresentou a menor temperatura foi a esta\u00e7\u00e3o [&hellip;]<\/p>\n","protected":false},"author":1,"featured_media":25784,"comment_status":"open","ping_status":"open","sticky":false,"template":"","format":"standard","meta":{"footnotes":""},"categories":[48],"tags":[],"class_list":{"0":"post-25783","1":"post","2":"type-post","3":"status-publish","4":"format-standard","5":"has-post-thumbnail","7":"category-geral"},"_links":{"self":[{"href":"https:\/\/jm-metropole.com.br\/site\/wp-json\/wp\/v2\/posts\/25783","targetHints":{"allow":["GET"]}}],"collection":[{"href":"https:\/\/jm-metropole.com.br\/site\/wp-json\/wp\/v2\/posts"}],"about":[{"href":"https:\/\/jm-metropole.com.br\/site\/wp-json\/wp\/v2\/types\/post"}],"author":[{"embeddable":true,"href":"https:\/\/jm-metropole.com.br\/site\/wp-json\/wp\/v2\/users\/1"}],"replies":[{"embeddable":true,"href":"https:\/\/jm-metropole.com.br\/site\/wp-json\/wp\/v2\/comments?post=25783"}],"version-history":[{"count":1,"href":"https:\/\/jm-metropole.com.br\/site\/wp-json\/wp\/v2\/posts\/25783\/revisions"}],"predecessor-version":[{"id":25785,"href":"https:\/\/jm-metropole.com.br\/site\/wp-json\/wp\/v2\/posts\/25783\/revisions\/25785"}],"wp:featuredmedia":[{"embeddable":true,"href":"https:\/\/jm-metropole.com.br\/site\/wp-json\/wp\/v2\/media\/25784"}],"wp:attachment":[{"href":"https:\/\/jm-metropole.com.br\/site\/wp-json\/wp\/v2\/media?parent=25783"}],"wp:term":[{"taxonomy":"category","embeddable":true,"href":"https:\/\/jm-metropole.com.br\/site\/wp-json\/wp\/v2\/categories?post=25783"},{"taxonomy":"post_tag","embeddable":true,"href":"https:\/\/jm-metropole.com.br\/site\/wp-json\/wp\/v2\/tags?post=25783"}],"curies":[{"name":"wp","href":"https:\/\/api.w.org\/{rel}","templated":true}]}}