{"id":25780,"date":"2025-06-25T14:19:30","date_gmt":"2025-06-25T17:19:30","guid":{"rendered":"https:\/\/jm-metropole.com.br\/site\/?p=25780"},"modified":"2025-06-25T14:19:30","modified_gmt":"2025-06-25T17:19:30","slug":"prefeitura-apresenta-projeto-de-implantacao-de-area-de-lazer-aos-moradores-do-jardim-leblon","status":"publish","type":"post","link":"https:\/\/jm-metropole.com.br\/site\/prefeitura-apresenta-projeto-de-implantacao-de-area-de-lazer-aos-moradores-do-jardim-leblon\/","title":{"rendered":"Prefeitura apresenta projeto de implanta\u00e7\u00e3o de \u00e1rea de lazer aos moradores do Jardim Leblon"},"content":{"rendered":"<p>Prefeitura de Guarulhos apresentou na ter\u00e7a-feira (24) o projeto de sistema de lazer para uma comiss\u00e3o de moradores do Jardim Leblon, regi\u00e3o do Pimentas. Ele foi elaborado pela Divis\u00e3o de Projetos da Secretaria de Meio Ambiente (Sema).<\/p>\n<p>Uma \u00e1rea com mais de 17 mil m2, conhecida na regi\u00e3o como Campo do Leblon, vai contar com pista de caminhada, mobili\u00e1rio, playground, campo de futebol, vesti\u00e1rios, academia popular, estacionamento e paisagismo.<\/p>\n<p>A revitaliza\u00e7\u00e3o da \u00e1rea \u00e9 uma antiga reivindica\u00e7\u00e3o dos moradores. Atualmente o local s\u00f3 conta com um campo de terra batida, que \u00e9 utilizado constantemente pela popula\u00e7\u00e3o em campeonatos de futebol amador.<\/p>\n<p>O vice-prefeito Thiago Surfista e o secret\u00e1rio de Esporte e Lazer, Marco Ant\u00f4nio Lisboa, participaram da apresenta\u00e7\u00e3o do projeto aos moradores, efetuada pelos t\u00e9cnicos da Sema no Centro de Educa\u00e7\u00e3o Ambiental (CEA) Virg\u00ednia Ranali, no Bosque Maia.<\/p>\n<p>A \u00e1rea foi adquirida pelo munic\u00edpio e encontra-se em fase de conclus\u00e3o do processo jur\u00eddico. Assim que for emitido o documento de posse do local, a Prefeitura vai buscar recursos para a implanta\u00e7\u00e3o do sistema de lazer.<\/p>\n","protected":false},"excerpt":{"rendered":"<p>Prefeitura de Guarulhos apresentou na ter\u00e7a-feira (24) o projeto de sistema de lazer para uma comiss\u00e3o de moradores do Jardim Leblon, regi\u00e3o do Pimentas. Ele foi elaborado pela Divis\u00e3o de Projetos da Secretaria de Meio Ambiente (Sema). Uma \u00e1rea com mais de 17 mil m2, conhecida na regi\u00e3o como Campo do Leblon, vai contar com [&hellip;]<\/p>\n","protected":false},"author":1,"featured_media":25781,"comment_status":"open","ping_status":"open","sticky":false,"template":"","format":"standard","meta":{"footnotes":""},"categories":[3],"tags":[],"class_list":{"0":"post-25780","1":"post","2":"type-post","3":"status-publish","4":"format-standard","5":"has-post-thumbnail","7":"category-guarulhos"},"_links":{"self":[{"href":"https:\/\/jm-metropole.com.br\/site\/wp-json\/wp\/v2\/posts\/25780","targetHints":{"allow":["GET"]}}],"collection":[{"href":"https:\/\/jm-metropole.com.br\/site\/wp-json\/wp\/v2\/posts"}],"about":[{"href":"https:\/\/jm-metropole.com.br\/site\/wp-json\/wp\/v2\/types\/post"}],"author":[{"embeddable":true,"href":"https:\/\/jm-metropole.com.br\/site\/wp-json\/wp\/v2\/users\/1"}],"replies":[{"embeddable":true,"href":"https:\/\/jm-metropole.com.br\/site\/wp-json\/wp\/v2\/comments?post=25780"}],"version-history":[{"count":1,"href":"https:\/\/jm-metropole.com.br\/site\/wp-json\/wp\/v2\/posts\/25780\/revisions"}],"predecessor-version":[{"id":25782,"href":"https:\/\/jm-metropole.com.br\/site\/wp-json\/wp\/v2\/posts\/25780\/revisions\/25782"}],"wp:featuredmedia":[{"embeddable":true,"href":"https:\/\/jm-metropole.com.br\/site\/wp-json\/wp\/v2\/media\/25781"}],"wp:attachment":[{"href":"https:\/\/jm-metropole.com.br\/site\/wp-json\/wp\/v2\/media?parent=25780"}],"wp:term":[{"taxonomy":"category","embeddable":true,"href":"https:\/\/jm-metropole.com.br\/site\/wp-json\/wp\/v2\/categories?post=25780"},{"taxonomy":"post_tag","embeddable":true,"href":"https:\/\/jm-metropole.com.br\/site\/wp-json\/wp\/v2\/tags?post=25780"}],"curies":[{"name":"wp","href":"https:\/\/api.w.org\/{rel}","templated":true}]}}