{"id":25777,"date":"2025-06-25T14:18:56","date_gmt":"2025-06-25T17:18:56","guid":{"rendered":"https:\/\/jm-metropole.com.br\/site\/?p=25777"},"modified":"2025-06-25T14:18:56","modified_gmt":"2025-06-25T17:18:56","slug":"ceu-bonsucesso-recebe-o-arraial-para-idosos-do-movimento-60-ativacao-no-dia-5-de-julho","status":"publish","type":"post","link":"https:\/\/jm-metropole.com.br\/site\/ceu-bonsucesso-recebe-o-arraial-para-idosos-do-movimento-60-ativacao-no-dia-5-de-julho\/","title":{"rendered":"CEU Bonsucesso recebe o Arraial para idosos do Movimento 60+ Ativa\u00e7\u00e3o no dia 5 de julho"},"content":{"rendered":"<p>A Subsecretaria de Pol\u00edticas para o Idoso realizar\u00e1 em 5 de julho (s\u00e1bado) o \u201cArrai\u00e1 da Cidadania: Respeito e Alegria na Melhor Idade\u201d para os integrantes dos 43 polos do projeto Movimento 60+ Ativa\u00e7\u00e3o, no CEU Bonsucesso (avenida Paschoal Thomeu, s\/n), no hor\u00e1rio das 8h \u00e0s 12h.<\/p>\n<p>Trata-se de uma celebra\u00e7\u00e3o julina da Prefeitura de Guarulhos que visa a proporcionar um momento de lazer, valoriza\u00e7\u00e3o cultural e do envelhecimento com dignidade, respeito e cuidado, al\u00e9m de fortalecimento de v\u00ednculos para a popula\u00e7\u00e3o idosa do munic\u00edpio.<\/p>\n<p>Al\u00e9m de resgatar as tradi\u00e7\u00f5es juninas com comidas t\u00edpicas, dan\u00e7as, brincadeiras e atividades culturais, o evento encerrar\u00e1 a programa\u00e7\u00e3o do Junho Violeta \u2013 o m\u00eas de conscientiza\u00e7\u00e3o da viol\u00eancia contra a pessoa idosa. Durante o arraial ser\u00e3o realizadas tamb\u00e9m a\u00e7\u00f5es educativas sobre os direitos da pessoa idosa e o enfrentamento \u00e0 viol\u00eancia.<\/p>\n<p>Imagem: Marcio Lino\/PMG<\/p>\n","protected":false},"excerpt":{"rendered":"<p>A Subsecretaria de Pol\u00edticas para o Idoso realizar\u00e1 em 5 de julho (s\u00e1bado) o \u201cArrai\u00e1 da Cidadania: Respeito e Alegria na Melhor Idade\u201d para os integrantes dos 43 polos do projeto Movimento 60+ Ativa\u00e7\u00e3o, no CEU Bonsucesso (avenida Paschoal Thomeu, s\/n), no hor\u00e1rio das 8h \u00e0s 12h. Trata-se de uma celebra\u00e7\u00e3o julina da Prefeitura de [&hellip;]<\/p>\n","protected":false},"author":1,"featured_media":25778,"comment_status":"open","ping_status":"open","sticky":false,"template":"","format":"standard","meta":{"footnotes":""},"categories":[3],"tags":[],"class_list":{"0":"post-25777","1":"post","2":"type-post","3":"status-publish","4":"format-standard","5":"has-post-thumbnail","7":"category-guarulhos"},"_links":{"self":[{"href":"https:\/\/jm-metropole.com.br\/site\/wp-json\/wp\/v2\/posts\/25777","targetHints":{"allow":["GET"]}}],"collection":[{"href":"https:\/\/jm-metropole.com.br\/site\/wp-json\/wp\/v2\/posts"}],"about":[{"href":"https:\/\/jm-metropole.com.br\/site\/wp-json\/wp\/v2\/types\/post"}],"author":[{"embeddable":true,"href":"https:\/\/jm-metropole.com.br\/site\/wp-json\/wp\/v2\/users\/1"}],"replies":[{"embeddable":true,"href":"https:\/\/jm-metropole.com.br\/site\/wp-json\/wp\/v2\/comments?post=25777"}],"version-history":[{"count":1,"href":"https:\/\/jm-metropole.com.br\/site\/wp-json\/wp\/v2\/posts\/25777\/revisions"}],"predecessor-version":[{"id":25779,"href":"https:\/\/jm-metropole.com.br\/site\/wp-json\/wp\/v2\/posts\/25777\/revisions\/25779"}],"wp:featuredmedia":[{"embeddable":true,"href":"https:\/\/jm-metropole.com.br\/site\/wp-json\/wp\/v2\/media\/25778"}],"wp:attachment":[{"href":"https:\/\/jm-metropole.com.br\/site\/wp-json\/wp\/v2\/media?parent=25777"}],"wp:term":[{"taxonomy":"category","embeddable":true,"href":"https:\/\/jm-metropole.com.br\/site\/wp-json\/wp\/v2\/categories?post=25777"},{"taxonomy":"post_tag","embeddable":true,"href":"https:\/\/jm-metropole.com.br\/site\/wp-json\/wp\/v2\/tags?post=25777"}],"curies":[{"name":"wp","href":"https:\/\/api.w.org\/{rel}","templated":true}]}}