{"id":25775,"date":"2025-06-25T09:03:13","date_gmt":"2025-06-25T12:03:13","guid":{"rendered":"https:\/\/jm-metropole.com.br\/site\/?p=25775"},"modified":"2025-06-25T09:03:13","modified_gmt":"2025-06-25T12:03:13","slug":"formatura-do-1o-semestre-do-centro-de-convivencia-da-crianca-e-do-adolescente-unidade-centro-acontece-nesta-sexta-27","status":"publish","type":"post","link":"https:\/\/jm-metropole.com.br\/site\/formatura-do-1o-semestre-do-centro-de-convivencia-da-crianca-e-do-adolescente-unidade-centro-acontece-nesta-sexta-27\/","title":{"rendered":"FORMATURA DO 1\u00ba SEMESTRE DO CENTRO DE CONVIV\u00caNCIA DA CRIAN\u00c7A E DO ADOLESCENTE \u2013 UNIDADE CENTRO ACONTECE NESTA SEXTA (27)"},"content":{"rendered":"<p>A Prefeitura de Aruj\u00e1, por meio da Secretaria Municipal de Assist\u00eancia Social, realiza nesta sexta-feira (27), \u00e0s 19h, a formatura do 1\u00ba semestre do Centro de Conviv\u00eancia da Crian\u00e7a e do Adolescente (CCCA) \u2013 unidade Centro. A cerim\u00f4nia ser\u00e1 realizada no Gin\u00e1sio Habib Tannuri, na Rua Maranh\u00e3o, 386, Jardim Planalto. O evento celebra o encerramento das atividades do semestre com as crian\u00e7as e adolescentes atendidos pela unidade. Ao longo dos \u00faltimos meses, os participantes estiveram envolvidos em oficinas e a\u00e7\u00f5es socioeducativas, culturais e semiprofissionalizantes voltadas \u00e0 conviv\u00eancia, ao fortalecimento de v\u00ednculos e \u00e0 constru\u00e7\u00e3o de valores de cidadania.<\/p>\n<p>O CCCA Centro \u00e9 um servi\u00e7o da Prote\u00e7\u00e3o Social B\u00e1sica do Sistema \u00danico de Assist\u00eancia Social (SUAS), que funciona no contraturno escolar e tem como foco o desenvolvimento pessoal e social de crian\u00e7as e adolescentes, atendendo prioritariamente filhos de fam\u00edlias acompanhadas pela Secretaria Municipal de Assist\u00eancia Social, mas tamb\u00e9m acolhendo participantes n\u00e3o inseridos diretamente na rede, promovendo inclus\u00e3o e amplia\u00e7\u00e3o do acesso a atividades de aprendizagem e conviv\u00eancia comunit\u00e1ria.<\/p>\n<p>A cerim\u00f4nia \u00e9 aberta ao p\u00fablico e contar\u00e1 com a presen\u00e7a de familiares, educadores e representantes da rede socioassistencial, em um momento especial de reconhecimento e comemora\u00e7\u00e3o dos avan\u00e7os alcan\u00e7ados neste primeiro semestre.<\/p>\n<p>\ud83d\udccdGin\u00e1sio Habib Tannuri<br \/>\n\ud83d\udcc5 Sexta-feira, 27 de junho<br \/>\n\ud83d\udd56 \u00c0s 19h<br \/>\n\ud83d\udccc Rua Maranh\u00e3o, 386 \u2013 Jardim Planalto, Aruj\u00e1 &#8211; SP<\/p>\n","protected":false},"excerpt":{"rendered":"<p>A Prefeitura de Aruj\u00e1, por meio da Secretaria Municipal de Assist\u00eancia Social, realiza nesta sexta-feira (27), \u00e0s 19h, a formatura do 1\u00ba semestre do Centro de Conviv\u00eancia da Crian\u00e7a e do Adolescente (CCCA) \u2013 unidade Centro. A cerim\u00f4nia ser\u00e1 realizada no Gin\u00e1sio Habib Tannuri, na Rua Maranh\u00e3o, 386, Jardim Planalto. O evento celebra o encerramento [&hellip;]<\/p>\n","protected":false},"author":1,"featured_media":25771,"comment_status":"open","ping_status":"open","sticky":false,"template":"","format":"standard","meta":{"footnotes":""},"categories":[4],"tags":[],"class_list":{"0":"post-25775","1":"post","2":"type-post","3":"status-publish","4":"format-standard","5":"has-post-thumbnail","7":"category-aruja"},"_links":{"self":[{"href":"https:\/\/jm-metropole.com.br\/site\/wp-json\/wp\/v2\/posts\/25775","targetHints":{"allow":["GET"]}}],"collection":[{"href":"https:\/\/jm-metropole.com.br\/site\/wp-json\/wp\/v2\/posts"}],"about":[{"href":"https:\/\/jm-metropole.com.br\/site\/wp-json\/wp\/v2\/types\/post"}],"author":[{"embeddable":true,"href":"https:\/\/jm-metropole.com.br\/site\/wp-json\/wp\/v2\/users\/1"}],"replies":[{"embeddable":true,"href":"https:\/\/jm-metropole.com.br\/site\/wp-json\/wp\/v2\/comments?post=25775"}],"version-history":[{"count":1,"href":"https:\/\/jm-metropole.com.br\/site\/wp-json\/wp\/v2\/posts\/25775\/revisions"}],"predecessor-version":[{"id":25776,"href":"https:\/\/jm-metropole.com.br\/site\/wp-json\/wp\/v2\/posts\/25775\/revisions\/25776"}],"wp:featuredmedia":[{"embeddable":true,"href":"https:\/\/jm-metropole.com.br\/site\/wp-json\/wp\/v2\/media\/25771"}],"wp:attachment":[{"href":"https:\/\/jm-metropole.com.br\/site\/wp-json\/wp\/v2\/media?parent=25775"}],"wp:term":[{"taxonomy":"category","embeddable":true,"href":"https:\/\/jm-metropole.com.br\/site\/wp-json\/wp\/v2\/categories?post=25775"},{"taxonomy":"post_tag","embeddable":true,"href":"https:\/\/jm-metropole.com.br\/site\/wp-json\/wp\/v2\/tags?post=25775"}],"curies":[{"name":"wp","href":"https:\/\/api.w.org\/{rel}","templated":true}]}}