{"id":25772,"date":"2025-06-25T09:02:12","date_gmt":"2025-06-25T12:02:12","guid":{"rendered":"https:\/\/jm-metropole.com.br\/site\/?p=25772"},"modified":"2025-06-25T09:02:12","modified_gmt":"2025-06-25T12:02:12","slug":"prefeitura-de-aruja-intensifica-acolhimento-noturno-para-pessoas-em-situacao-de-rua","status":"publish","type":"post","link":"https:\/\/jm-metropole.com.br\/site\/prefeitura-de-aruja-intensifica-acolhimento-noturno-para-pessoas-em-situacao-de-rua\/","title":{"rendered":"PREFEITURA DE ARUJ\u00c1 INTENSIFICA ACOLHIMENTO NOTURNO PARA PESSOAS EM SITUA\u00c7\u00c3O DE RUA"},"content":{"rendered":"<p>Diante da previs\u00e3o de queda acentuada de temperatura nesta semana, com m\u00ednimas previstas entre 4\u202f\u00b0C e 5\u202f\u00b0C, a Prefeitura de Aruj\u00e1, por meio da Secretaria Municipal de Assist\u00eancia Social, ir\u00e1 intensificar as a\u00e7\u00f5es j\u00e1 em curso voltadas ao atendimento da popula\u00e7\u00e3o em situa\u00e7\u00e3o de rua. O refor\u00e7o ser\u00e1 feito por meio do &#8220;Projeto Acolher&#8221;, a\u00e7\u00e3o emergencial de acolhimento noturno que seguir\u00e1 ativa at\u00e9 o fim do inverno.<\/p>\n<p>O servi\u00e7o \u00e9 realizado com o uso da estrutura do Centro POP, localizado na Rua Elp\u00eddio Ferreira Guimar\u00e3es, 450 \u2013 Center Ville, unidade p\u00fablica especializada no atendimento \u00e0 popula\u00e7\u00e3o em situa\u00e7\u00e3o de rua. O Projeto Acolher funciona todos os dias, inclusive fins de semana e feriados, das 19h \u00e0s 7h, oferecendo jantar, espa\u00e7o para banho, itens de higiene, colch\u00e3o, cobertores, guarda de pertences e caf\u00e9 da manh\u00e3 antes da sa\u00edda.<\/p>\n<p>Quem \u00e9 acolhido durante a pernoite \u00e9 tamb\u00e9m mapeado e inserido na rede de prote\u00e7\u00e3o socioassistencial, com acompanhamento t\u00e9cnico da equipe do Centro POP. A unidade est\u00e1 preparada para atender cerca de 20 pessoas por noite, com vagas ajustadas conforme a demanda, de forma a garantir que todas as pessoas que procuram o servi\u00e7o sejam acolhidas.<\/p>\n<p>Com a previs\u00e3o de frio intenso, as abordagens sociais noturnas realizadas pelo SEAS tamb\u00e9m ser\u00e3o intensificadas, com a distribui\u00e7\u00e3o de cobertores e alimentos diretamente nas ruas. Durante essas a\u00e7\u00f5es, a equipe t\u00e9cnica realiza trabalho de escuta e sensibiliza\u00e7\u00e3o, apresentando os servi\u00e7os dispon\u00edveis e incentivando o deslocamento at\u00e9 o acolhimento. Em casos de recusa, as pessoas ainda assim recebem cobertores e alimentos, t\u00eam suas localiza\u00e7\u00f5es registradas e s\u00e3o inclu\u00eddas no mapeamento para visitas recorrentes, assegurando continuidade do cuidado e respeito \u00e0 autonomia da vontade.<\/p>\n<p>O acesso ao acolhimento pode ocorrer de forma espont\u00e2nea, com apresenta\u00e7\u00e3o direta na unidade, por encaminhamento das equipes do Servi\u00e7o Especializado de Abordagem Social (SEAS) ou da Guarda Civil Municipal (153). A popula\u00e7\u00e3o tamb\u00e9m pode informar sobre pessoas em situa\u00e7\u00e3o de rua em risco, especialmente nas noites de frio intenso, pelo telefone da Secretaria de Assist\u00eancia Social de Aruj\u00e1 (whatsapp): 11 4655-0436.<\/p>\n<p>Atualmente, Aruj\u00e1 conta com cerca de 17 pessoas em situa\u00e7\u00e3o de rua mapeadas, entre aquelas em acompanhamento h\u00e1 mais de um ano e trecheiros \u2014 pessoas em tr\u00e2nsito entre cidades. A presen\u00e7a dessas pessoas \u00e9 influenciada pela posi\u00e7\u00e3o geogr\u00e1fica do munic\u00edpio, que \u00e9 cortado por rodovias como a Presidente Dutra (BR-116), e o Rodoanel M\u00e1rio Covas, vias que intensificam o fluxo populacional tempor\u00e1rio.<\/p>\n<p>Al\u00e9m do acolhimento noturno, o Centro POP segue funcionando normalmente durante o dia, de segunda a sexta-feira, das 8h \u00e0s 17h, com servi\u00e7os de atendimento t\u00e9cnico, alimenta\u00e7\u00e3o, higiene, guarda de pertences e encaminhamentos para a rede de sa\u00fade, emiss\u00e3o de documentos e inclus\u00e3o produtiva.<\/p>\n","protected":false},"excerpt":{"rendered":"<p>Diante da previs\u00e3o de queda acentuada de temperatura nesta semana, com m\u00ednimas previstas entre 4\u202f\u00b0C e 5\u202f\u00b0C, a Prefeitura de Aruj\u00e1, por meio da Secretaria Municipal de Assist\u00eancia Social, ir\u00e1 intensificar as a\u00e7\u00f5es j\u00e1 em curso voltadas ao atendimento da popula\u00e7\u00e3o em situa\u00e7\u00e3o de rua. O refor\u00e7o ser\u00e1 feito por meio do &#8220;Projeto Acolher&#8221;, a\u00e7\u00e3o [&hellip;]<\/p>\n","protected":false},"author":1,"featured_media":25773,"comment_status":"open","ping_status":"open","sticky":false,"template":"","format":"standard","meta":{"footnotes":""},"categories":[4],"tags":[],"class_list":{"0":"post-25772","1":"post","2":"type-post","3":"status-publish","4":"format-standard","5":"has-post-thumbnail","7":"category-aruja"},"_links":{"self":[{"href":"https:\/\/jm-metropole.com.br\/site\/wp-json\/wp\/v2\/posts\/25772","targetHints":{"allow":["GET"]}}],"collection":[{"href":"https:\/\/jm-metropole.com.br\/site\/wp-json\/wp\/v2\/posts"}],"about":[{"href":"https:\/\/jm-metropole.com.br\/site\/wp-json\/wp\/v2\/types\/post"}],"author":[{"embeddable":true,"href":"https:\/\/jm-metropole.com.br\/site\/wp-json\/wp\/v2\/users\/1"}],"replies":[{"embeddable":true,"href":"https:\/\/jm-metropole.com.br\/site\/wp-json\/wp\/v2\/comments?post=25772"}],"version-history":[{"count":1,"href":"https:\/\/jm-metropole.com.br\/site\/wp-json\/wp\/v2\/posts\/25772\/revisions"}],"predecessor-version":[{"id":25774,"href":"https:\/\/jm-metropole.com.br\/site\/wp-json\/wp\/v2\/posts\/25772\/revisions\/25774"}],"wp:featuredmedia":[{"embeddable":true,"href":"https:\/\/jm-metropole.com.br\/site\/wp-json\/wp\/v2\/media\/25773"}],"wp:attachment":[{"href":"https:\/\/jm-metropole.com.br\/site\/wp-json\/wp\/v2\/media?parent=25772"}],"wp:term":[{"taxonomy":"category","embeddable":true,"href":"https:\/\/jm-metropole.com.br\/site\/wp-json\/wp\/v2\/categories?post=25772"},{"taxonomy":"post_tag","embeddable":true,"href":"https:\/\/jm-metropole.com.br\/site\/wp-json\/wp\/v2\/tags?post=25772"}],"curies":[{"name":"wp","href":"https:\/\/api.w.org\/{rel}","templated":true}]}}