{"id":25767,"date":"2025-06-25T08:59:34","date_gmt":"2025-06-25T11:59:34","guid":{"rendered":"https:\/\/jm-metropole.com.br\/site\/?p=25767"},"modified":"2025-06-25T08:59:34","modified_gmt":"2025-06-25T11:59:34","slug":"festa-verde-sera-no-parque-dos-ipes-no-proximo-domingo","status":"publish","type":"post","link":"https:\/\/jm-metropole.com.br\/site\/festa-verde-sera-no-parque-dos-ipes-no-proximo-domingo\/","title":{"rendered":"FESTA VERDE SER\u00c1 NO PARQUE DOS IP\u00caS NO PR\u00d3XIMO DOMINGO"},"content":{"rendered":"<p>O Parque dos Ip\u00eas &#8220;Alcy Machado Godoi&#8221; ser\u00e1 sede da Festa Junina Verde neste pr\u00f3ximo domingo (29). A Prefeitura de Aruj\u00e1, pela Secretaria Municipal do Meio Ambiente, realizar\u00e1 um evento que une divers\u00e3o, conscientiza\u00e7\u00e3o ambiental e alegria para toda a fam\u00edlia.<\/p>\n<p>A festa ser\u00e1 um arrai\u00e1 diferente e une a import\u00e2ncia de cuidar do meio ambiente com a alegria dessa tradicional \u00e9poca do ano. Al\u00e9m de toda a gastronomia e atra\u00e7\u00f5es t\u00edpicas ser\u00e3o ofertadas atividades que refor\u00e7am a import\u00e2ncia da educa\u00e7\u00e3o ambiental, deixando a festa especial e significativa.<\/p>\n<p>Tamb\u00e9m haver\u00e1 um concurso de Miss e Mister Sustent\u00e1vel. Contando com categorias para adultos e crian\u00e7as, o participante que estiver vestido a car\u00e1ter de festa junina e com a maior quantidade de produtos recicl\u00e1veis, receber\u00e1 como pr\u00eamio uma cesta com produtos variados.<\/p>\n<p>Com in\u00edcio \u00e0s 13h, a festa proporcionar\u00e1:<\/p>\n<p>&#8211; Brinquedos infl\u00e1veis<br \/>\n&#8211; Viv\u00eancias de educa\u00e7\u00e3o ambiental (com brincadeiras juninas adaptadas \u00e0 preserva\u00e7\u00e3o ambiental)<br \/>\n&#8211; Reinaugura\u00e7\u00e3o do viveiro do parque<br \/>\n&#8211; Atra\u00e7\u00f5es musicais<br \/>\n&#8211; Empreendedores locais de comidas e bebidas<br \/>\n&#8211; Concurso Miss e Mister Sustent\u00e1vel<br \/>\n&#8211; Pipoca \u00e0 vontade para todos os visitantes<br \/>\n&#8211; E, para finalizar o m\u00eas com chave de ouro, um delicioso bolo para comemorar o anivers\u00e1rio do Parque dos Ip\u00eas<\/p>\n<p>O evento conta com o apoio do Grupo Renova e do Grupo Itaquareia, representante da Pedreira Sargon.<\/p>\n","protected":false},"excerpt":{"rendered":"<p>O Parque dos Ip\u00eas &#8220;Alcy Machado Godoi&#8221; ser\u00e1 sede da Festa Junina Verde neste pr\u00f3ximo domingo (29). A Prefeitura de Aruj\u00e1, pela Secretaria Municipal do Meio Ambiente, realizar\u00e1 um evento que une divers\u00e3o, conscientiza\u00e7\u00e3o ambiental e alegria para toda a fam\u00edlia. A festa ser\u00e1 um arrai\u00e1 diferente e une a import\u00e2ncia de cuidar do meio [&hellip;]<\/p>\n","protected":false},"author":1,"featured_media":25768,"comment_status":"open","ping_status":"open","sticky":false,"template":"","format":"standard","meta":{"footnotes":""},"categories":[4],"tags":[],"class_list":{"0":"post-25767","1":"post","2":"type-post","3":"status-publish","4":"format-standard","5":"has-post-thumbnail","7":"category-aruja"},"_links":{"self":[{"href":"https:\/\/jm-metropole.com.br\/site\/wp-json\/wp\/v2\/posts\/25767","targetHints":{"allow":["GET"]}}],"collection":[{"href":"https:\/\/jm-metropole.com.br\/site\/wp-json\/wp\/v2\/posts"}],"about":[{"href":"https:\/\/jm-metropole.com.br\/site\/wp-json\/wp\/v2\/types\/post"}],"author":[{"embeddable":true,"href":"https:\/\/jm-metropole.com.br\/site\/wp-json\/wp\/v2\/users\/1"}],"replies":[{"embeddable":true,"href":"https:\/\/jm-metropole.com.br\/site\/wp-json\/wp\/v2\/comments?post=25767"}],"version-history":[{"count":1,"href":"https:\/\/jm-metropole.com.br\/site\/wp-json\/wp\/v2\/posts\/25767\/revisions"}],"predecessor-version":[{"id":25769,"href":"https:\/\/jm-metropole.com.br\/site\/wp-json\/wp\/v2\/posts\/25767\/revisions\/25769"}],"wp:featuredmedia":[{"embeddable":true,"href":"https:\/\/jm-metropole.com.br\/site\/wp-json\/wp\/v2\/media\/25768"}],"wp:attachment":[{"href":"https:\/\/jm-metropole.com.br\/site\/wp-json\/wp\/v2\/media?parent=25767"}],"wp:term":[{"taxonomy":"category","embeddable":true,"href":"https:\/\/jm-metropole.com.br\/site\/wp-json\/wp\/v2\/categories?post=25767"},{"taxonomy":"post_tag","embeddable":true,"href":"https:\/\/jm-metropole.com.br\/site\/wp-json\/wp\/v2\/tags?post=25767"}],"curies":[{"name":"wp","href":"https:\/\/api.w.org\/{rel}","templated":true}]}}