{"id":25764,"date":"2025-06-25T07:21:37","date_gmt":"2025-06-25T10:21:37","guid":{"rendered":"https:\/\/jm-metropole.com.br\/site\/?p=25764"},"modified":"2025-06-25T07:21:37","modified_gmt":"2025-06-25T10:21:37","slug":"pedagios-em-sao-paulo-ficarao-mais-caros-a-partir-de-1o-de-julho","status":"publish","type":"post","link":"https:\/\/jm-metropole.com.br\/site\/pedagios-em-sao-paulo-ficarao-mais-caros-a-partir-de-1o-de-julho\/","title":{"rendered":"Ped\u00e1gios em S\u00e3o Paulo ficar\u00e3o mais caros a partir de 1\u00ba de Julho"},"content":{"rendered":"<div class=\"header-noticia full-width\">\n<div class=\"linha-fina-noticia\">Reajuste m\u00e9dio nas rodovias estaduais ser\u00e1 de 5,31%<\/div>\n<\/div>\n<div class=\"container-autoria\"><\/div>\n<div>\n<p>As tarifas de ped\u00e1gio das rodovias paulistas v\u00e3o ficar mais caras, em m\u00e9dia 5,31% a partir da pr\u00f3xima ter\u00e7a-feira (1\u00ba). O aumento vale para todas as rodovias estaduais concedidas \u00e0 iniciativa privada, com exce\u00e7\u00e3o da concession\u00e1ria Entrevias, cujo reajuste se dar\u00e1 a partir do dia 6 de julho.\u00a0<img decoding=\"async\" src=\"https:\/\/agenciabrasil.ebc.com.br\/ebc.png?id=1648170&amp;o=node\" \/><img decoding=\"async\" src=\"https:\/\/agenciabrasil.ebc.com.br\/ebc.gif?id=1648170&amp;o=node\" \/><\/p>\n<p><strong>O reajuste foi autorizado pela Ag\u00eancia Reguladora de Servi\u00e7os P\u00fablicos Delegados de Transporte do Estado de S\u00e3o Paulo (Artesp) e publicado no\u00a0<em>Di\u00e1rio Oficial<\/em>\u00a0desta ter\u00e7a-feira (24).<\/strong><\/p>\n<p>As tarifas de ped\u00e1gios subir\u00e3o para as seguintes rodovias:<\/p>\n<ul>\n<li>Concession\u00e1ria do Sistema Anhanguera-Bandeirantes (Autoban);<\/li>\n<li>Concession\u00e1ria de Rodovias do Interior Paulista (Intervias);<\/li>\n<li>Concession\u00e1ria Rota das Bandeiras;<\/li>\n<li>Renovias Concession\u00e1ria;<\/li>\n<li>Rodovias das Colinas;<\/li>\n<li>Concession\u00e1ria Auto Raposo Tavares (Cart);<\/li>\n<li>ViaRondon Concession\u00e1ria de Rodovia;<\/li>\n<li>Concession\u00e1ria Rodovias Integradas do Oeste (SPVias);<\/li>\n<li>Concession\u00e1ria Rodovias do Tiet\u00ea;<\/li>\n<li>Concession\u00e1ria Ecovias dos Imigrantes;<\/li>\n<li>Concession\u00e1ria Ecovias do Leste Paulista;<\/li>\n<li>Concession\u00e1ria do Rodoanel Oeste; Concession\u00e1ria SPMar e<\/li>\n<li>Rodovia dos Tamoios.<\/li>\n<\/ul>\n<p><a href=\"https:\/\/www.whatsapp.com\/channel\/0029VaoRTgrInlqYLSk59B2M\" target=\"_blank\" rel=\"noopener\">&gt;&gt; Siga o canal da\u00a0<strong>Ag\u00eancia Brasil\u00a0<\/strong>no WhatsApp<\/a><\/p>\n<p>O reajuste m\u00e9dio para cada rodovia paulista foi baseado na varia\u00e7\u00e3o da infla\u00e7\u00e3o medida pelo \u00cdndice Nacional de Pre\u00e7os ao Consumidor Amplo (IPCA) entre os meses de junho de 2024 e maio de 2025.<\/p>\n<p><strong>No sistema Anchieta-Imigrantes, da concession\u00e1ria Ecovias, por exemplo, o valor do ped\u00e1gio vai saltar dos atuais R$ 36,80 para R$ 38,70 para ve\u00edculos de passeio que sa\u00edrem da capital com destino ao litoral sul.<\/strong><\/p>\n<p>*Com informa\u00e7\u00f5es de Ag\u00eancia Brasil<\/p>\n<\/div>\n","protected":false},"excerpt":{"rendered":"<p>Reajuste m\u00e9dio nas rodovias estaduais ser\u00e1 de 5,31% As tarifas de ped\u00e1gio das rodovias paulistas v\u00e3o ficar mais caras, em m\u00e9dia 5,31% a partir da pr\u00f3xima ter\u00e7a-feira (1\u00ba). O aumento vale para todas as rodovias estaduais concedidas \u00e0 iniciativa privada, com exce\u00e7\u00e3o da concession\u00e1ria Entrevias, cujo reajuste se dar\u00e1 a partir do dia 6 de [&hellip;]<\/p>\n","protected":false},"author":1,"featured_media":25765,"comment_status":"open","ping_status":"open","sticky":false,"template":"","format":"standard","meta":{"footnotes":""},"categories":[48],"tags":[],"class_list":{"0":"post-25764","1":"post","2":"type-post","3":"status-publish","4":"format-standard","5":"has-post-thumbnail","7":"category-geral"},"_links":{"self":[{"href":"https:\/\/jm-metropole.com.br\/site\/wp-json\/wp\/v2\/posts\/25764","targetHints":{"allow":["GET"]}}],"collection":[{"href":"https:\/\/jm-metropole.com.br\/site\/wp-json\/wp\/v2\/posts"}],"about":[{"href":"https:\/\/jm-metropole.com.br\/site\/wp-json\/wp\/v2\/types\/post"}],"author":[{"embeddable":true,"href":"https:\/\/jm-metropole.com.br\/site\/wp-json\/wp\/v2\/users\/1"}],"replies":[{"embeddable":true,"href":"https:\/\/jm-metropole.com.br\/site\/wp-json\/wp\/v2\/comments?post=25764"}],"version-history":[{"count":1,"href":"https:\/\/jm-metropole.com.br\/site\/wp-json\/wp\/v2\/posts\/25764\/revisions"}],"predecessor-version":[{"id":25766,"href":"https:\/\/jm-metropole.com.br\/site\/wp-json\/wp\/v2\/posts\/25764\/revisions\/25766"}],"wp:featuredmedia":[{"embeddable":true,"href":"https:\/\/jm-metropole.com.br\/site\/wp-json\/wp\/v2\/media\/25765"}],"wp:attachment":[{"href":"https:\/\/jm-metropole.com.br\/site\/wp-json\/wp\/v2\/media?parent=25764"}],"wp:term":[{"taxonomy":"category","embeddable":true,"href":"https:\/\/jm-metropole.com.br\/site\/wp-json\/wp\/v2\/categories?post=25764"},{"taxonomy":"post_tag","embeddable":true,"href":"https:\/\/jm-metropole.com.br\/site\/wp-json\/wp\/v2\/tags?post=25764"}],"curies":[{"name":"wp","href":"https:\/\/api.w.org\/{rel}","templated":true}]}}