{"id":25761,"date":"2025-06-25T07:17:23","date_gmt":"2025-06-25T10:17:23","guid":{"rendered":"https:\/\/jm-metropole.com.br\/site\/?p=25761"},"modified":"2025-06-25T07:17:23","modified_gmt":"2025-06-25T10:17:23","slug":"prefeitura-intensifica-acolhimento-a-populacao-de-rua-na-operacao-inverno-2025","status":"publish","type":"post","link":"https:\/\/jm-metropole.com.br\/site\/prefeitura-intensifica-acolhimento-a-populacao-de-rua-na-operacao-inverno-2025\/","title":{"rendered":"Prefeitura intensifica acolhimento \u00e0 popula\u00e7\u00e3o de rua na Opera\u00e7\u00e3o Inverno 2025"},"content":{"rendered":"<p>A Prefeitura de Guarulhos intensificou a Opera\u00e7\u00e3o Inverno 2025 com a chegada da terceira onda de frio que dever\u00e1 provocar queda recorde de temperatura no munic\u00edpio. Iniciada em 29 de maio, a a\u00e7\u00e3o tem como objetivo garantir prote\u00e7\u00e3o e assist\u00eancia \u00e0s pessoas em situa\u00e7\u00e3o de rua durante a esta\u00e7\u00e3o mais gelada do ano.<\/p>\n<p>A Opera\u00e7\u00e3o Inverno 2025, que segue at\u00e9 setembro, \u00e9 coordenada pela rede socioassistencial da Secretaria de Desenvolvimento e Assist\u00eancia Social e mobiliza equipes, unidades de acolhimento e servi\u00e7os para ampliar a oferta de acolhida, alimenta\u00e7\u00e3o e cuidados especializados.<\/p>\n<p>Na primeira etapa, entre 29 e 31 de maio, foram registrados os seguintes atendimentos: 264 pernoites realizados; 38 refei\u00e7\u00f5es distribu\u00eddas pela Alimenta\u00e7\u00e3o Fraterna; 302 refei\u00e7\u00f5es totais. Em junho, at\u00e9 a \u00faltima quinta-feira (19), a Secretaria de Desenvolvimento e Assist\u00eancia Social contabilizou 1.802 pernoites realizados; 277 refei\u00e7\u00f5es pela Alimenta\u00e7\u00e3o Fraterna e 2.079 refei\u00e7\u00f5es totais.<\/p>\n<p>Unidades de Acolhimento<\/p>\n<p>A rede conta com unidades espec\u00edficas para acolhimento noturno e 24 horas:<\/p>\n<p>Unidade Pernoite Masculina \u2013 Centro: atende exclusivamente homens, das 18h \u00e0s 7h, com oferta de banho, jantar, pernoite e desjejum (servido no SEPOP), al\u00e9m de atendimento com assistente social. Capacidade: 100 vagas. Demanda espont\u00e2nea at\u00e9 21h; ap\u00f3s esse hor\u00e1rio, somente com encaminhamento do Servi\u00e7o Especializado de Abordagem Social (SEAS).<\/p>\n<p>Unidades 24h (masculinas): Centro e Bambi, 100 vagas por unidade; oferecem cinco refei\u00e7\u00f5es di\u00e1rias (desjejum, almo\u00e7o, caf\u00e9 da tarde, jantar e ceia) e atendimento t\u00e9cnico.<\/p>\n<p>Casa de Passagem Feminina (24h): voltada a mulheres, com ou sem filhos menores de 18 anos. Capacidade: 45 vagas. Entre 28 de maio e 19 de junho, 24 mulheres foram acolhidas. A unidade oferece cinco refei\u00e7\u00f5es di\u00e1rias e atendimento com equipe t\u00e9cnica.<\/p>\n<p>Abordagem Social 24h<\/p>\n<p>Durante toda a Opera\u00e7\u00e3o Inverno, o Servi\u00e7o Especializado de Abordagem Social (SEAS) atua 24 horas por dia. A equipe realiza encaminhamentos para acolhimento e, nos casos em que h\u00e1 recusa, s\u00e3o oferecidos cobertores e outros itens emergenciais.<\/p>\n<p>Alimenta\u00e7\u00e3o<\/p>\n<p>A Alimenta\u00e7\u00e3o Fraterna \u00e9 oferecida at\u00e9 \u00e0s 21h. Ap\u00f3s esse hor\u00e1rio, quem chegar \u00e0s unidades ser\u00e1 acolhido com um lanche, caso as refei\u00e7\u00f5es principais j\u00e1 tenham sido encerradas.<\/p>\n<p>Servi\u00e7os Especializados<\/p>\n<p>Os equipamentos de refer\u00eancia para atendimento \u00e0 popula\u00e7\u00e3o em situa\u00e7\u00e3o de rua (Centro Pop e SEPOP) continuam funcionando de segunda a sexta-feira, das 8h \u00e0s 17h, mantendo o atendimento cont\u00ednuo e humanizado.<\/p>\n<p>A Opera\u00e7\u00e3o Inverno 2025 refor\u00e7a o compromisso com a dignidade e os direitos da popula\u00e7\u00e3o em situa\u00e7\u00e3o de rua, oferecendo acolhimento, alimenta\u00e7\u00e3o e atendimento t\u00e9cnico, especialmente nos per\u00edodos de maior vulnerabilidade provocados pelas baixas temperaturas.<\/p>\n<p>Mais informa\u00e7\u00f5es: Telefone (11) 2536-4110 e WhatsApp: (11) 2087-7400<\/p>\n<p>&nbsp;<\/p>\n<p>Foto: Sidnei Barros\/PMG<\/p>\n","protected":false},"excerpt":{"rendered":"<p>A Prefeitura de Guarulhos intensificou a Opera\u00e7\u00e3o Inverno 2025 com a chegada da terceira onda de frio que dever\u00e1 provocar queda recorde de temperatura no munic\u00edpio. Iniciada em 29 de maio, a a\u00e7\u00e3o tem como objetivo garantir prote\u00e7\u00e3o e assist\u00eancia \u00e0s pessoas em situa\u00e7\u00e3o de rua durante a esta\u00e7\u00e3o mais gelada do ano. A Opera\u00e7\u00e3o [&hellip;]<\/p>\n","protected":false},"author":1,"featured_media":25762,"comment_status":"open","ping_status":"open","sticky":false,"template":"","format":"standard","meta":{"footnotes":""},"categories":[3],"tags":[],"class_list":{"0":"post-25761","1":"post","2":"type-post","3":"status-publish","4":"format-standard","5":"has-post-thumbnail","7":"category-guarulhos"},"_links":{"self":[{"href":"https:\/\/jm-metropole.com.br\/site\/wp-json\/wp\/v2\/posts\/25761","targetHints":{"allow":["GET"]}}],"collection":[{"href":"https:\/\/jm-metropole.com.br\/site\/wp-json\/wp\/v2\/posts"}],"about":[{"href":"https:\/\/jm-metropole.com.br\/site\/wp-json\/wp\/v2\/types\/post"}],"author":[{"embeddable":true,"href":"https:\/\/jm-metropole.com.br\/site\/wp-json\/wp\/v2\/users\/1"}],"replies":[{"embeddable":true,"href":"https:\/\/jm-metropole.com.br\/site\/wp-json\/wp\/v2\/comments?post=25761"}],"version-history":[{"count":1,"href":"https:\/\/jm-metropole.com.br\/site\/wp-json\/wp\/v2\/posts\/25761\/revisions"}],"predecessor-version":[{"id":25763,"href":"https:\/\/jm-metropole.com.br\/site\/wp-json\/wp\/v2\/posts\/25761\/revisions\/25763"}],"wp:featuredmedia":[{"embeddable":true,"href":"https:\/\/jm-metropole.com.br\/site\/wp-json\/wp\/v2\/media\/25762"}],"wp:attachment":[{"href":"https:\/\/jm-metropole.com.br\/site\/wp-json\/wp\/v2\/media?parent=25761"}],"wp:term":[{"taxonomy":"category","embeddable":true,"href":"https:\/\/jm-metropole.com.br\/site\/wp-json\/wp\/v2\/categories?post=25761"},{"taxonomy":"post_tag","embeddable":true,"href":"https:\/\/jm-metropole.com.br\/site\/wp-json\/wp\/v2\/tags?post=25761"}],"curies":[{"name":"wp","href":"https:\/\/api.w.org\/{rel}","templated":true}]}}