{"id":25758,"date":"2025-06-25T07:16:21","date_gmt":"2025-06-25T10:16:21","guid":{"rendered":"https:\/\/jm-metropole.com.br\/site\/?p=25758"},"modified":"2025-06-25T07:16:21","modified_gmt":"2025-06-25T10:16:21","slug":"prefeitura-recebe-inscricoes-de-criancas-com-deficiencia-para-passeio-ao-parque-da-monica","status":"publish","type":"post","link":"https:\/\/jm-metropole.com.br\/site\/prefeitura-recebe-inscricoes-de-criancas-com-deficiencia-para-passeio-ao-parque-da-monica\/","title":{"rendered":"Prefeitura recebe inscri\u00e7\u00f5es de crian\u00e7as com defici\u00eancia para passeio ao Parque da M\u00f4nica"},"content":{"rendered":"<p>At\u00e9 esta sexta-feira (27) a Subsecretaria de Acessibilidade e Inclus\u00e3o recebe inscri\u00e7\u00f5es de crian\u00e7as com defici\u00eancia e de seus respons\u00e1veis para um passeio especial ao Parque da M\u00f4nica, em S\u00e3o Paulo, que acontecer\u00e1 em 3 de julho, \u00e0s 10h. As vagas s\u00e3o limitadas e interessados devem se inscrever pelo telefone (11) 2414-3685.<\/p>\n<p>Para participar, \u00e9 necess\u00e1rio apresentar o laudo m\u00e9dico que comprove a condi\u00e7\u00e3o de pessoa com defici\u00eancia da crian\u00e7a. O transporte at\u00e9 o parque ficar\u00e1 a cargo do respons\u00e1vel legal da crian\u00e7a.<\/p>\n<p>Os ingressos ser\u00e3o entregues na pr\u00f3xima segunda-feira (30), \u00e0s 19h, na Universidade S\u00e3o Judas Tadeu (rua do Ros\u00e1rio, 476, Vila Camargos). Na oportunidade, os participantes assistir\u00e3o a palestra \u201cEntre o Sentir e o Aprender: Identifica\u00e7\u00e3o Precoce e os Desafios na Vida Escolar\u201d, ministrada pela neuropsic\u00f3loga Ana Paula Oliveira. Haver\u00e1 ainda sorteio de avalia\u00e7\u00e3o diagn\u00f3stica de aprendizagem.<\/p>\n","protected":false},"excerpt":{"rendered":"<p>At\u00e9 esta sexta-feira (27) a Subsecretaria de Acessibilidade e Inclus\u00e3o recebe inscri\u00e7\u00f5es de crian\u00e7as com defici\u00eancia e de seus respons\u00e1veis para um passeio especial ao Parque da M\u00f4nica, em S\u00e3o Paulo, que acontecer\u00e1 em 3 de julho, \u00e0s 10h. As vagas s\u00e3o limitadas e interessados devem se inscrever pelo telefone (11) 2414-3685. Para participar, \u00e9 [&hellip;]<\/p>\n","protected":false},"author":1,"featured_media":25759,"comment_status":"open","ping_status":"open","sticky":false,"template":"","format":"standard","meta":{"footnotes":""},"categories":[3],"tags":[],"class_list":{"0":"post-25758","1":"post","2":"type-post","3":"status-publish","4":"format-standard","5":"has-post-thumbnail","7":"category-guarulhos"},"_links":{"self":[{"href":"https:\/\/jm-metropole.com.br\/site\/wp-json\/wp\/v2\/posts\/25758","targetHints":{"allow":["GET"]}}],"collection":[{"href":"https:\/\/jm-metropole.com.br\/site\/wp-json\/wp\/v2\/posts"}],"about":[{"href":"https:\/\/jm-metropole.com.br\/site\/wp-json\/wp\/v2\/types\/post"}],"author":[{"embeddable":true,"href":"https:\/\/jm-metropole.com.br\/site\/wp-json\/wp\/v2\/users\/1"}],"replies":[{"embeddable":true,"href":"https:\/\/jm-metropole.com.br\/site\/wp-json\/wp\/v2\/comments?post=25758"}],"version-history":[{"count":1,"href":"https:\/\/jm-metropole.com.br\/site\/wp-json\/wp\/v2\/posts\/25758\/revisions"}],"predecessor-version":[{"id":25760,"href":"https:\/\/jm-metropole.com.br\/site\/wp-json\/wp\/v2\/posts\/25758\/revisions\/25760"}],"wp:featuredmedia":[{"embeddable":true,"href":"https:\/\/jm-metropole.com.br\/site\/wp-json\/wp\/v2\/media\/25759"}],"wp:attachment":[{"href":"https:\/\/jm-metropole.com.br\/site\/wp-json\/wp\/v2\/media?parent=25758"}],"wp:term":[{"taxonomy":"category","embeddable":true,"href":"https:\/\/jm-metropole.com.br\/site\/wp-json\/wp\/v2\/categories?post=25758"},{"taxonomy":"post_tag","embeddable":true,"href":"https:\/\/jm-metropole.com.br\/site\/wp-json\/wp\/v2\/tags?post=25758"}],"curies":[{"name":"wp","href":"https:\/\/api.w.org\/{rel}","templated":true}]}}