{"id":25755,"date":"2025-06-25T07:14:48","date_gmt":"2025-06-25T10:14:48","guid":{"rendered":"https:\/\/jm-metropole.com.br\/site\/?p=25755"},"modified":"2025-06-25T07:14:48","modified_gmt":"2025-06-25T10:14:48","slug":"tarcisio-sanciona-lei-que-autoriza-prefeituras-a-decidir-sobre-liberacao-ou-veto-de-servico-de-moto-taxi","status":"publish","type":"post","link":"https:\/\/jm-metropole.com.br\/site\/tarcisio-sanciona-lei-que-autoriza-prefeituras-a-decidir-sobre-liberacao-ou-veto-de-servico-de-moto-taxi\/","title":{"rendered":"Tarc\u00edsio sanciona lei que autoriza prefeituras a decidir sobre libera\u00e7\u00e3o ou veto de servi\u00e7o de moto taxi"},"content":{"rendered":"<p>Na \u00faltima nesta ter\u00e7a-feira (24) , o governador de S\u00e3o Paulo, Tarc\u00edsio de Freitas (Republicanos), sancionou a lei que autoriza as prefeituras a proibir ou liberar e regulamentar o servi\u00e7o de motot\u00e1xi no estado.<\/p>\n<p>O projeto \u00e9 de autoria dos deputados F\u00e1bio Faria de S\u00e1 (Podemos), Andr\u00e9 Bueno (PL), Rog\u00e9rio Santos (MDB), Itamar Borges (MDB) e Carla Morando (PSDB), o PL foi aprovado pela Assembleia Legislativa em maio de 2025.<\/p>\n<p>As plataformas, que operam o servi\u00e7o, por\u00e9m, alegam que pela decis\u00e3o do STF, o poder municipal n\u00e3o pode vetar, mas apenas regulamentar o servi\u00e7o.<\/p>\n<p>Na capital paulista \u00e9 onde a\u00a0 queda de bra\u00e7o entre prefeitura e plataformas se fez mais forte e desde 2023 ganhou destaque nacional, com diversos embates, decis\u00f5es judiciais e reviravoltas.<\/p>\n<p>A gest\u00e3o de Ricardo Nunes (MDB) tenta\u00a0 q todo custo impedir a opera\u00e7\u00e3o do servi\u00e7o por meio de a\u00e7\u00f5es na Justi\u00e7a, alegando que tal oferta desrespeita o decreto municipal., al\u00e9m de aumentar muito o risco de acidentes e mortes no tr\u00e2nsito de S\u00e3o Pulo. As empresas chegaram a disponibilizar o transporte em algumas ocasi\u00f5es, mas recuaram ap\u00f3s determina\u00e7\u00e3o judicial.<\/p>\n","protected":false},"excerpt":{"rendered":"<p>Na \u00faltima nesta ter\u00e7a-feira (24) , o governador de S\u00e3o Paulo, Tarc\u00edsio de Freitas (Republicanos), sancionou a lei que autoriza as prefeituras a proibir ou liberar e regulamentar o servi\u00e7o de motot\u00e1xi no estado. O projeto \u00e9 de autoria dos deputados F\u00e1bio Faria de S\u00e1 (Podemos), Andr\u00e9 Bueno (PL), Rog\u00e9rio Santos (MDB), Itamar Borges (MDB) [&hellip;]<\/p>\n","protected":false},"author":1,"featured_media":25756,"comment_status":"open","ping_status":"open","sticky":false,"template":"","format":"standard","meta":{"footnotes":""},"categories":[48],"tags":[],"class_list":{"0":"post-25755","1":"post","2":"type-post","3":"status-publish","4":"format-standard","5":"has-post-thumbnail","7":"category-geral"},"_links":{"self":[{"href":"https:\/\/jm-metropole.com.br\/site\/wp-json\/wp\/v2\/posts\/25755","targetHints":{"allow":["GET"]}}],"collection":[{"href":"https:\/\/jm-metropole.com.br\/site\/wp-json\/wp\/v2\/posts"}],"about":[{"href":"https:\/\/jm-metropole.com.br\/site\/wp-json\/wp\/v2\/types\/post"}],"author":[{"embeddable":true,"href":"https:\/\/jm-metropole.com.br\/site\/wp-json\/wp\/v2\/users\/1"}],"replies":[{"embeddable":true,"href":"https:\/\/jm-metropole.com.br\/site\/wp-json\/wp\/v2\/comments?post=25755"}],"version-history":[{"count":1,"href":"https:\/\/jm-metropole.com.br\/site\/wp-json\/wp\/v2\/posts\/25755\/revisions"}],"predecessor-version":[{"id":25757,"href":"https:\/\/jm-metropole.com.br\/site\/wp-json\/wp\/v2\/posts\/25755\/revisions\/25757"}],"wp:featuredmedia":[{"embeddable":true,"href":"https:\/\/jm-metropole.com.br\/site\/wp-json\/wp\/v2\/media\/25756"}],"wp:attachment":[{"href":"https:\/\/jm-metropole.com.br\/site\/wp-json\/wp\/v2\/media?parent=25755"}],"wp:term":[{"taxonomy":"category","embeddable":true,"href":"https:\/\/jm-metropole.com.br\/site\/wp-json\/wp\/v2\/categories?post=25755"},{"taxonomy":"post_tag","embeddable":true,"href":"https:\/\/jm-metropole.com.br\/site\/wp-json\/wp\/v2\/tags?post=25755"}],"curies":[{"name":"wp","href":"https:\/\/api.w.org\/{rel}","templated":true}]}}