{"id":25740,"date":"2025-06-24T11:17:46","date_gmt":"2025-06-24T14:17:46","guid":{"rendered":"https:\/\/jm-metropole.com.br\/site\/?p=25740"},"modified":"2025-06-24T11:17:46","modified_gmt":"2025-06-24T14:17:46","slug":"novidade-na-area-festa-das-nacoes-chega-ao-jardim-emilia","status":"publish","type":"post","link":"https:\/\/jm-metropole.com.br\/site\/novidade-na-area-festa-das-nacoes-chega-ao-jardim-emilia\/","title":{"rendered":"Novidade na \u00e1rea! Festa das Na\u00e7\u00f5es chega ao Jardim Em\u00edlia!"},"content":{"rendered":"<p>As festividades em Aruj\u00e1 pelos seus 173 anos ainda n\u00e3o acabaram! Este ano, a Prefeitura, pela Secretaria Municipal de Cultura, preparou uma novidade: a Festa das Na\u00e7\u00f5es no Complexo Calango, no Jardim Em\u00edlia, que ocorrer\u00e1 nos dias 27, 28 e 29 deste m\u00eas. A tradicional festa que ocorre na Pra\u00e7a do Coreto h\u00e1 d\u00e9cadas agora ser\u00e1 descentralizada, visando atender o maior n\u00famero poss\u00edvel de arujaenses.<\/p>\n<p>No local, haver\u00e1 a presen\u00e7a de sete na\u00e7\u00f5es em nove barracas (Brasil Sudeste, Brasil Sul, Brasil Nordeste, B\u00e9lgica, Su\u00ed\u00e7a, Portugal, Estados Unidos, Jap\u00e3o e China), trazendo as del\u00edcias t\u00edpicas dessas localidades. Al\u00e9m disso, tamb\u00e9m ter\u00e1 atra\u00e7\u00f5es culturais durante os tr\u00eas dias de festa, tanto com artistas locais, como os de renome nacional e um parquinho de brinquedos infl\u00e1veis.<\/p>\n<p>A Festa das Na\u00e7\u00f5es realizada na Pra\u00e7a do Coreto, entre os dias 30 de maio e 15 de junho, recebeu cerca de 50 mil pessoas durante os dias da programa\u00e7\u00e3o do anivers\u00e1rio de 173 anos de Aruj\u00e1, movimentando a economia da cidade, al\u00e9m de trazer lazer e alegria para quem passou pelo local. J\u00e1 a Festa das Na\u00e7\u00f5es no Complexo do Calango promete levar a mesma energia e incentivar o com\u00e9rcio local, al\u00e9m de proporcionar divers\u00e3o a toda a comunidade.<\/p>\n<p>Traga amigos e fam\u00edlia para participar dessa grande festa!<\/p>\n<p>PROGRAMA\u00c7\u00c3O<br \/>\nSexta-feira (27) &#8211; A partir das 17h<br \/>\n&#8211; Ritmos Edenilson<br \/>\n&#8211; Z\u00e9 Botto<br \/>\n&#8211; Banda Caraivus<br \/>\n&#8211; Estrela Girl<\/p>\n<p>S\u00e1bado (28) &#8211; A partir das 16h<br \/>\n&#8211; Ballet do Polo Esta\u00e7\u00e3o Cidadania<br \/>\n&#8211; Grupo Vocal da Escola de M\u00fasica<br \/>\n&#8211; Tree Vibration<br \/>\n&#8211; Samprazer<\/p>\n<p>Domingo (29) &#8211; A partir das 16h<br \/>\n&#8211; Orquestra de Viol\u00f5es<br \/>\n&#8211; Ritmos Camila Penteado<br \/>\n&#8211; Dudu Almeida<br \/>\n&#8211; Pagode Diminino<br \/>\n&#8211; Banda Antharis<\/p>\n","protected":false},"excerpt":{"rendered":"<p>As festividades em Aruj\u00e1 pelos seus 173 anos ainda n\u00e3o acabaram! Este ano, a Prefeitura, pela Secretaria Municipal de Cultura, preparou uma novidade: a Festa das Na\u00e7\u00f5es no Complexo Calango, no Jardim Em\u00edlia, que ocorrer\u00e1 nos dias 27, 28 e 29 deste m\u00eas. A tradicional festa que ocorre na Pra\u00e7a do Coreto h\u00e1 d\u00e9cadas agora [&hellip;]<\/p>\n","protected":false},"author":1,"featured_media":25741,"comment_status":"open","ping_status":"open","sticky":false,"template":"","format":"standard","meta":{"footnotes":""},"categories":[4],"tags":[],"class_list":{"0":"post-25740","1":"post","2":"type-post","3":"status-publish","4":"format-standard","5":"has-post-thumbnail","7":"category-aruja"},"_links":{"self":[{"href":"https:\/\/jm-metropole.com.br\/site\/wp-json\/wp\/v2\/posts\/25740","targetHints":{"allow":["GET"]}}],"collection":[{"href":"https:\/\/jm-metropole.com.br\/site\/wp-json\/wp\/v2\/posts"}],"about":[{"href":"https:\/\/jm-metropole.com.br\/site\/wp-json\/wp\/v2\/types\/post"}],"author":[{"embeddable":true,"href":"https:\/\/jm-metropole.com.br\/site\/wp-json\/wp\/v2\/users\/1"}],"replies":[{"embeddable":true,"href":"https:\/\/jm-metropole.com.br\/site\/wp-json\/wp\/v2\/comments?post=25740"}],"version-history":[{"count":1,"href":"https:\/\/jm-metropole.com.br\/site\/wp-json\/wp\/v2\/posts\/25740\/revisions"}],"predecessor-version":[{"id":25742,"href":"https:\/\/jm-metropole.com.br\/site\/wp-json\/wp\/v2\/posts\/25740\/revisions\/25742"}],"wp:featuredmedia":[{"embeddable":true,"href":"https:\/\/jm-metropole.com.br\/site\/wp-json\/wp\/v2\/media\/25741"}],"wp:attachment":[{"href":"https:\/\/jm-metropole.com.br\/site\/wp-json\/wp\/v2\/media?parent=25740"}],"wp:term":[{"taxonomy":"category","embeddable":true,"href":"https:\/\/jm-metropole.com.br\/site\/wp-json\/wp\/v2\/categories?post=25740"},{"taxonomy":"post_tag","embeddable":true,"href":"https:\/\/jm-metropole.com.br\/site\/wp-json\/wp\/v2\/tags?post=25740"}],"curies":[{"name":"wp","href":"https:\/\/api.w.org\/{rel}","templated":true}]}}