{"id":25737,"date":"2025-06-24T11:16:50","date_gmt":"2025-06-24T14:16:50","guid":{"rendered":"https:\/\/jm-metropole.com.br\/site\/?p=25737"},"modified":"2025-06-24T11:16:50","modified_gmt":"2025-06-24T14:16:50","slug":"carreta-da-mamografia-estara-nesta-terca-feira-23-no-centro-e-fica-ate-o-dia-4-de-julho","status":"publish","type":"post","link":"https:\/\/jm-metropole.com.br\/site\/carreta-da-mamografia-estara-nesta-terca-feira-23-no-centro-e-fica-ate-o-dia-4-de-julho\/","title":{"rendered":"CARRETA DA MAMOGRAFIA ESTAR\u00c1 NESTA TER\u00c7A-FEIRA (23) NO CENTRO E FICA AT\u00c9 O DIA 4 DE JULHO"},"content":{"rendered":"<p>A Carreta da Mamografia, iniciativa do Governo do Estado de S\u00e3o Paulo em parceria com a Prefeitura de Aruj\u00e1, ficar\u00e1 na cidade do dia 24 de junho at\u00e9 4 de julho, das 8h \u00e0s 17h de segunda a sexta-feira e, aos s\u00e1bados, das 8h \u00e0s 12h. O local de atendimento ser\u00e1 na Rua Adhemar de Barros, 89, no Centro, onde funcionava o antigo supermercado Dia. O p\u00fablico-alvo s\u00e3o mulheres de 35 a 69 anos.<\/p>\n<p>Com o objetivo de ampliar o acesso ao exame de mamografia, para mulheres com exames atrasados, e promover o diagn\u00f3stico precoce do c\u00e2ncer de mama, ser\u00e3o distribu\u00eddas cerca de 50 senhas por dia, por ordem de chegada. As interessadas tamb\u00e9m poder\u00e3o garantir suas senhas nas Unidades B\u00e1sicas de Sa\u00fade (UBSs) do munic\u00edpio.<\/p>\n<p>A estimativa \u00e9 de atender, em m\u00e9dia, 50 mulheres por dia, totalizando, aproximadamente, 500 exames durante os dez dias de atendimento.<\/p>\n<p>Para realizar a mamografia, \u00e9 necess\u00e1rio apresentar os seguintes documentos:<\/p>\n<p>Documento oficial com foto (RG ou CPF)<br \/>\nCart\u00e3o SUS<br \/>\nPedido m\u00e9dico de mamografia<\/p>\n<p>Para mais informa\u00e7\u00f5es, acesse o site da Prefeitura de Aruj\u00e1: https:\/\/www.prefeituradearuja.sp.gov.br\/<\/p>\n","protected":false},"excerpt":{"rendered":"<p>A Carreta da Mamografia, iniciativa do Governo do Estado de S\u00e3o Paulo em parceria com a Prefeitura de Aruj\u00e1, ficar\u00e1 na cidade do dia 24 de junho at\u00e9 4 de julho, das 8h \u00e0s 17h de segunda a sexta-feira e, aos s\u00e1bados, das 8h \u00e0s 12h. O local de atendimento ser\u00e1 na Rua Adhemar de [&hellip;]<\/p>\n","protected":false},"author":1,"featured_media":25738,"comment_status":"open","ping_status":"open","sticky":false,"template":"","format":"standard","meta":{"footnotes":""},"categories":[4],"tags":[],"class_list":{"0":"post-25737","1":"post","2":"type-post","3":"status-publish","4":"format-standard","5":"has-post-thumbnail","7":"category-aruja"},"_links":{"self":[{"href":"https:\/\/jm-metropole.com.br\/site\/wp-json\/wp\/v2\/posts\/25737","targetHints":{"allow":["GET"]}}],"collection":[{"href":"https:\/\/jm-metropole.com.br\/site\/wp-json\/wp\/v2\/posts"}],"about":[{"href":"https:\/\/jm-metropole.com.br\/site\/wp-json\/wp\/v2\/types\/post"}],"author":[{"embeddable":true,"href":"https:\/\/jm-metropole.com.br\/site\/wp-json\/wp\/v2\/users\/1"}],"replies":[{"embeddable":true,"href":"https:\/\/jm-metropole.com.br\/site\/wp-json\/wp\/v2\/comments?post=25737"}],"version-history":[{"count":1,"href":"https:\/\/jm-metropole.com.br\/site\/wp-json\/wp\/v2\/posts\/25737\/revisions"}],"predecessor-version":[{"id":25739,"href":"https:\/\/jm-metropole.com.br\/site\/wp-json\/wp\/v2\/posts\/25737\/revisions\/25739"}],"wp:featuredmedia":[{"embeddable":true,"href":"https:\/\/jm-metropole.com.br\/site\/wp-json\/wp\/v2\/media\/25738"}],"wp:attachment":[{"href":"https:\/\/jm-metropole.com.br\/site\/wp-json\/wp\/v2\/media?parent=25737"}],"wp:term":[{"taxonomy":"category","embeddable":true,"href":"https:\/\/jm-metropole.com.br\/site\/wp-json\/wp\/v2\/categories?post=25737"},{"taxonomy":"post_tag","embeddable":true,"href":"https:\/\/jm-metropole.com.br\/site\/wp-json\/wp\/v2\/tags?post=25737"}],"curies":[{"name":"wp","href":"https:\/\/api.w.org\/{rel}","templated":true}]}}