{"id":25734,"date":"2025-06-24T11:15:07","date_gmt":"2025-06-24T14:15:07","guid":{"rendered":"https:\/\/jm-metropole.com.br\/site\/?p=25734"},"modified":"2025-06-24T11:15:07","modified_gmt":"2025-06-24T14:15:07","slug":"prefeitura-de-itaqua-forma-mais-uma-turma-em-curso-de-informatica","status":"publish","type":"post","link":"https:\/\/jm-metropole.com.br\/site\/prefeitura-de-itaqua-forma-mais-uma-turma-em-curso-de-informatica\/","title":{"rendered":"Prefeitura de Itaqu\u00e1 forma mais uma turma em curso de inform\u00e1tica"},"content":{"rendered":"<p>Turma \u00e9 composta por 62 alunos<\/p>\n<p>A Prefeitura de Itaquaquecetuba, por meio da Secretaria de Emprego e Desenvolvimento Econ\u00f4mico, realizou a formatura de 62 alunos do curso de inform\u00e1tica b\u00e1sica, promovido pelo projeto InfoItaqu\u00e1 em parceria com o Instituto Federal.<\/p>\n<p>A cerim\u00f4nia foi realizada na sede da Associa\u00e7\u00e3o Comercial e Industrial de Itaquaquecetuba (Acidi) e contou com a presen\u00e7a do secret\u00e1rio de Emprego e Desenvolvimento Econ\u00f4mico, Luciano D\u00e1vila, e do diretor geral do Instituto Federal, Aumir Antunes.<\/p>\n<p>Durante o evento, os alunos receberam os certificados de conclus\u00e3o e celebraram o encerramento de uma jornada marcada por aprendizado e inclus\u00e3o digital. O curso teve 30 horas de dura\u00e7\u00e3o e ofereceu aos participantes conhecimentos fundamentais para o uso consciente da tecnologia.<\/p>\n<p>&#8220;Hoje celebramos o alcance do InfoItaqu\u00e1 de oferecer cada vez mais qualifica\u00e7\u00e3o profissional para mun\u00edcipes que, em breve, estar\u00e3o no mercado de trabalho\u201d, destacou o secret\u00e1rio.<\/p>\n<p>Com uma abordagem pr\u00e1tica e acess\u00edvel, o conte\u00fado program\u00e1tico inclui introdu\u00e7\u00e3o \u00e0 inform\u00e1tica, sistemas operacionais, redes de computadores, seguran\u00e7a da informa\u00e7\u00e3o, computa\u00e7\u00e3o em nuvem e uso da internet.<\/p>\n<p>&#8220;Investir em conhecimento \u00e9 investir no futuro. Ver jovens concluindo uma etapa importante \u00e9 a prova de que nossa cidade est\u00e1 no caminho certo: capacitando pessoas, abrindo portas e construindo oportunidades&#8221;, acrescentou o prefeito Eduardo Boigues.<\/p>\n<p>Fotos: Dayane Oliveira<\/p>\n","protected":false},"excerpt":{"rendered":"<p>Turma \u00e9 composta por 62 alunos A Prefeitura de Itaquaquecetuba, por meio da Secretaria de Emprego e Desenvolvimento Econ\u00f4mico, realizou a formatura de 62 alunos do curso de inform\u00e1tica b\u00e1sica, promovido pelo projeto InfoItaqu\u00e1 em parceria com o Instituto Federal. A cerim\u00f4nia foi realizada na sede da Associa\u00e7\u00e3o Comercial e Industrial de Itaquaquecetuba (Acidi) e [&hellip;]<\/p>\n","protected":false},"author":1,"featured_media":25735,"comment_status":"open","ping_status":"open","sticky":false,"template":"","format":"standard","meta":{"footnotes":""},"categories":[6],"tags":[],"class_list":{"0":"post-25734","1":"post","2":"type-post","3":"status-publish","4":"format-standard","5":"has-post-thumbnail","7":"category-itaqua"},"_links":{"self":[{"href":"https:\/\/jm-metropole.com.br\/site\/wp-json\/wp\/v2\/posts\/25734","targetHints":{"allow":["GET"]}}],"collection":[{"href":"https:\/\/jm-metropole.com.br\/site\/wp-json\/wp\/v2\/posts"}],"about":[{"href":"https:\/\/jm-metropole.com.br\/site\/wp-json\/wp\/v2\/types\/post"}],"author":[{"embeddable":true,"href":"https:\/\/jm-metropole.com.br\/site\/wp-json\/wp\/v2\/users\/1"}],"replies":[{"embeddable":true,"href":"https:\/\/jm-metropole.com.br\/site\/wp-json\/wp\/v2\/comments?post=25734"}],"version-history":[{"count":1,"href":"https:\/\/jm-metropole.com.br\/site\/wp-json\/wp\/v2\/posts\/25734\/revisions"}],"predecessor-version":[{"id":25736,"href":"https:\/\/jm-metropole.com.br\/site\/wp-json\/wp\/v2\/posts\/25734\/revisions\/25736"}],"wp:featuredmedia":[{"embeddable":true,"href":"https:\/\/jm-metropole.com.br\/site\/wp-json\/wp\/v2\/media\/25735"}],"wp:attachment":[{"href":"https:\/\/jm-metropole.com.br\/site\/wp-json\/wp\/v2\/media?parent=25734"}],"wp:term":[{"taxonomy":"category","embeddable":true,"href":"https:\/\/jm-metropole.com.br\/site\/wp-json\/wp\/v2\/categories?post=25734"},{"taxonomy":"post_tag","embeddable":true,"href":"https:\/\/jm-metropole.com.br\/site\/wp-json\/wp\/v2\/tags?post=25734"}],"curies":[{"name":"wp","href":"https:\/\/api.w.org\/{rel}","templated":true}]}}