{"id":25715,"date":"2025-06-23T18:57:01","date_gmt":"2025-06-23T21:57:01","guid":{"rendered":"https:\/\/jm-metropole.com.br\/site\/?p=25715"},"modified":"2025-06-23T18:57:01","modified_gmt":"2025-06-23T21:57:01","slug":"pf-fiscalizara-atividades-de-cacs-a-partir-do-dia-1o-de-julho","status":"publish","type":"post","link":"https:\/\/jm-metropole.com.br\/site\/pf-fiscalizara-atividades-de-cacs-a-partir-do-dia-1o-de-julho\/","title":{"rendered":"PF fiscalizar\u00e1 atividades de CACs a partir do dia 1\u00ba de julho"},"content":{"rendered":"<div class=\"header-noticia full-width\">\n<div class=\"linha-fina-noticia\">Responsabilidade deixar\u00e1 Ex\u00e9rcito e ser\u00e1 assumida por civis<\/div>\n<\/div>\n<div class=\"container-autoria\"><\/div>\n<div>\n<p>A Pol\u00edcia Federal (PF), vinculada ao Minist\u00e9rio da Justi\u00e7a e Seguran\u00e7a P\u00fablica (MJSP), assumir\u00e1, a partir de 1\u00ba de julho, a responsabilidade pelo registro das licen\u00e7as, controle e fiscaliza\u00e7\u00e3o das atividades de colecionadores, atiradores desportivos e ca\u00e7adores (CACs). Atualmente, os CACs est\u00e3o sob responsabilidade do Comando do Ex\u00e9rcito.<img decoding=\"async\" src=\"https:\/\/agenciabrasil.ebc.com.br\/ebc.png?id=1648038&amp;o=node\" \/><img decoding=\"async\" src=\"https:\/\/agenciabrasil.ebc.com.br\/ebc.gif?id=1648038&amp;o=node\" \/><\/p>\n<p><strong>Entre as atribui\u00e7\u00f5es que passar\u00e3o \u00e0 Pol\u00edcia Federal est\u00e3o:<\/strong><\/p>\n<ul>\n<li><strong>Registro de pessoas f\u00edsicas e jur\u00eddicas para o exerc\u00edcio das atividades de colecionamento, tiro desportivo e ca\u00e7a excepcional;<\/strong><\/li>\n<li><strong>autoriza\u00e7\u00e3o para compra e transfer\u00eancia de armas;<\/strong><\/li>\n<li><strong>fiscaliza\u00e7\u00e3o das atividades exercidas por Cacs;<\/strong><\/li>\n<li><strong>concess\u00e3o de guias de tr\u00e1fego;<\/strong><\/li>\n<li><strong>fiscaliza\u00e7\u00e3o e controle do com\u00e9rcio varejista de armas para pessoa f\u00edsica.<\/strong><\/li>\n<\/ul>\n<p>At\u00e9 o m\u00eas passado, 600 servidores da PF j\u00e1 foram qualificados para assumir as atividades que ainda s\u00e3o coordenadas no \u00e2mbito militar.<\/p>\n<p><a href=\"http:\/\/facebook.com\/agenciabrasil.ebc\/\" target=\"_blank\" rel=\"noopener\">&gt;&gt; Siga o perfil da\u00a0<strong>Ag\u00eancia Brasil<\/strong>\u00a0no Facebook\u00a0<\/a><\/p>\n<p>Ao todo, ser\u00e3o criadas\u00a0123 delegacias de controle de armas nas capitais das 27 unidades da federa\u00e7\u00e3o e em 96 N\u00facleos de Controle de Armas em delegacias federais no interior do pa\u00eds.<\/p>\n<h2>Democratiza\u00e7\u00e3o de dados<\/h2>\n<p><strong>A Pol\u00edcia Federal (PF) anunciou, nesta segunda-feira (23), que est\u00e1 desenvolvendo um painel de\u00a0Business Intelligence (BI)\u00a0para trazer mais transpar\u00eancia aos dados estat\u00edsticos<\/strong>\u00a0de processos relacionados a Colecionadores, Atiradores Desportivos e Ca\u00e7adores (CACs).<\/p>\n<p>O objetivo \u00e9 centralizar informa\u00e7\u00f5es sobre as atividades relativas aos CACs. A nova ferramenta dever\u00e1 apresentar de forma clara e acess\u00edvel dados sobre registros, tipos de armas mais comuns, quantidade de armas, n\u00famero de vistorias realizadas, autua\u00e7\u00f5es e apreens\u00f5es, entre outros.<\/p>\n<h2>Relembre<\/h2>\n<p><strong>A substitui\u00e7\u00e3o do Ex\u00e9rcito Brasileiro pela Pol\u00edcia Federal j\u00e1 havia sido determinada no\u00a0<a href=\"https:\/\/www.planalto.gov.br\/ccivil_03\/_ato2023-2026\/2023\/decreto\/d11615.htm\" target=\"_blank\" rel=\"noopener\">Decreto n\u00ba 11.615<\/a>, assinado pelo presidente Luiz In\u00e1cio Lula da Silva,\u00a0em julho de 2023.<\/strong><\/p>\n<p>O decreto regulamentou o Estatuto do Desarmamento e estabeleceu que as atribui\u00e7\u00f5es de autoriza\u00e7\u00e3o, registro e fiscaliza\u00e7\u00e3o de armas de CACs deveriam passar do Ex\u00e9rcito para a Pol\u00edcia Federal.<\/p>\n<p>A legisla\u00e7\u00e3o tamb\u00e9m estabeleceu as regras para aquisi\u00e7\u00e3o, registro, posse, porte, cadastro e \u00e0 comercializa\u00e7\u00e3o nacional de armas de fogo, muni\u00e7\u00f5es e acess\u00f3rios.<\/p>\n<p>A lei ainda detalha as normas para as atividades de ca\u00e7a, de tiro desportivo e de colecionamento de armas de fogo, muni\u00e7\u00f5es e acess\u00f3rios. Por fim,\u00a0trata do funcionamento das entidades de tiro desportivo e da estrutura\u00e7\u00e3o do Sistema Nacional de Armas (Sinarm).<\/p>\n<p><strong>A transi\u00e7\u00e3o progressiva de compet\u00eancias dos registros de CACs do Comando do Ex\u00e9rcito para a Pol\u00edcia Federal foi estabelecida em Acordo de Coopera\u00e7\u00e3o T\u00e9cnica (ACT), publicado em 19 de setembro de 2023<\/strong>. \u00c0 \u00e9poca, o documento foi assinado pelo ent\u00e3o ministro da Justi\u00e7a e Seguran\u00e7a P\u00fablica (MJSP), Fl\u00e1vio Dino, e pelo ministro da Defesa, Jos\u00e9 M\u00facio.<\/p>\n<p>O primeiro termo aditivo a esse acordo, publicado no Di\u00e1rio Oficial da Uni\u00e3o em 27 de dezembro, e assinado pelos ministros da Justi\u00e7a, Ricardo Lewandowski, e da Defesa, Jos\u00e9 M\u00facio Monteiro, definiu a data de 1\u00ba de julho de 2025 para o in\u00edcio da fiscaliza\u00e7\u00e3o pela Pol\u00edcia Federal.<\/p>\n<p>Em maio,\u00a0<a href=\"https:\/\/agenciabrasil.ebc.com.br\/geral\/noticia\/2025-05\/policia-federal-assumira-fiscalizacao-de-cacs-e-registro-de-armas\" target=\"_blank\" rel=\"noopener\">o Minist\u00e9rio da Justi\u00e7a destinou R$ 20 milh\u00f5es para a Pol\u00edcia Federal<\/a>\u00a0assumir a fiscaliza\u00e7\u00e3o de colecionadores, atiradores esportivos e ca\u00e7adores (CACs).<\/p>\n<p>*Com informa\u00e7\u00f5es de Ag\u00eancia Brasil<\/p>\n<\/div>\n","protected":false},"excerpt":{"rendered":"<p>Responsabilidade deixar\u00e1 Ex\u00e9rcito e ser\u00e1 assumida por civis A Pol\u00edcia Federal (PF), vinculada ao Minist\u00e9rio da Justi\u00e7a e Seguran\u00e7a P\u00fablica (MJSP), assumir\u00e1, a partir de 1\u00ba de julho, a responsabilidade pelo registro das licen\u00e7as, controle e fiscaliza\u00e7\u00e3o das atividades de colecionadores, atiradores desportivos e ca\u00e7adores (CACs). Atualmente, os CACs est\u00e3o sob responsabilidade do Comando do [&hellip;]<\/p>\n","protected":false},"author":1,"featured_media":25716,"comment_status":"open","ping_status":"open","sticky":false,"template":"","format":"standard","meta":{"footnotes":""},"categories":[48],"tags":[],"class_list":{"0":"post-25715","1":"post","2":"type-post","3":"status-publish","4":"format-standard","5":"has-post-thumbnail","7":"category-geral"},"_links":{"self":[{"href":"https:\/\/jm-metropole.com.br\/site\/wp-json\/wp\/v2\/posts\/25715","targetHints":{"allow":["GET"]}}],"collection":[{"href":"https:\/\/jm-metropole.com.br\/site\/wp-json\/wp\/v2\/posts"}],"about":[{"href":"https:\/\/jm-metropole.com.br\/site\/wp-json\/wp\/v2\/types\/post"}],"author":[{"embeddable":true,"href":"https:\/\/jm-metropole.com.br\/site\/wp-json\/wp\/v2\/users\/1"}],"replies":[{"embeddable":true,"href":"https:\/\/jm-metropole.com.br\/site\/wp-json\/wp\/v2\/comments?post=25715"}],"version-history":[{"count":1,"href":"https:\/\/jm-metropole.com.br\/site\/wp-json\/wp\/v2\/posts\/25715\/revisions"}],"predecessor-version":[{"id":25717,"href":"https:\/\/jm-metropole.com.br\/site\/wp-json\/wp\/v2\/posts\/25715\/revisions\/25717"}],"wp:featuredmedia":[{"embeddable":true,"href":"https:\/\/jm-metropole.com.br\/site\/wp-json\/wp\/v2\/media\/25716"}],"wp:attachment":[{"href":"https:\/\/jm-metropole.com.br\/site\/wp-json\/wp\/v2\/media?parent=25715"}],"wp:term":[{"taxonomy":"category","embeddable":true,"href":"https:\/\/jm-metropole.com.br\/site\/wp-json\/wp\/v2\/categories?post=25715"},{"taxonomy":"post_tag","embeddable":true,"href":"https:\/\/jm-metropole.com.br\/site\/wp-json\/wp\/v2\/tags?post=25715"}],"curies":[{"name":"wp","href":"https:\/\/api.w.org\/{rel}","templated":true}]}}