{"id":25700,"date":"2025-06-23T12:40:31","date_gmt":"2025-06-23T15:40:31","guid":{"rendered":"https:\/\/jm-metropole.com.br\/site\/?p=25700"},"modified":"2025-06-23T12:40:31","modified_gmt":"2025-06-23T15:40:31","slug":"prf-apresenta-balanco-da-operacao-corpus-christi-2025-nas-rodovias-federais-paulistas","status":"publish","type":"post","link":"https:\/\/jm-metropole.com.br\/site\/prf-apresenta-balanco-da-operacao-corpus-christi-2025-nas-rodovias-federais-paulistas\/","title":{"rendered":"PRF apresenta balan\u00e7o da Opera\u00e7\u00e3o Corpus Christi 2025 nas rodovias federais paulistas"},"content":{"rendered":"<div class=\"documentDescription\">Opera\u00e7\u00e3o encerra com aumento de a\u00e7\u00f5es educativas e de fiscaliza\u00e7\u00f5es de ultrapassagem em rela\u00e7\u00e3o ao ano passado<\/div>\n<div><\/div>\n<div>\n<div id=\"wrapper\">\n<div id=\"main\"><main id=\"main-content\"><\/p>\n<div class=\"\">\n<div id=\"content\">\n<article>\n<div id=\"content-core\">\n<div id=\"parent-fieldname-text\" class=\"\">\n<div>\n<p>Nesse feriado prolongado, a Pol\u00edcia Rodovi\u00e1ria Federal (PRF) mobilizou uma for\u00e7a tarefa para redobrar a seguran\u00e7a no tr\u00e2nsito durante a opera\u00e7\u00e3o Corpus Christi, que se estendeu de 18 a 22 de junho. Houve aumento nas a\u00e7\u00f5es educativas e fiscaliza\u00e7\u00f5es de ultrapassagem (41%), alcoolemia (5%), velocidade (10%) e equipamentos obrigat\u00f3rios (36%) em rela\u00e7\u00e3o ao mesmo per\u00edodo de feriado do ano passado.<\/p>\n<p>Nos cinco dias de opera\u00e7\u00e3o, os esfor\u00e7os foram direcionados para os dois comportamentos de maior risco nas rodovias: excesso de velocidade e ultrapassagens proibidas. Somente nesse curto per\u00edodo de tempo foram fiscalizados 3.715 ve\u00edculos e flagrados quase 2.400 motoristas dirigindo sob excesso de velocidade. A\u00e7\u00f5es de educa\u00e7\u00e3o para o tr\u00e2nsito alcan\u00e7aram 2.516 pessoas, o que tamb\u00e9m demonstra o empenho da PRF em diminuir os acidentes, mortes e infra\u00e7\u00f5es no tr\u00e2nsito.<\/p>\n<p>Foram registrados 67 sinistros de tr\u00e2nsito, dos quais 14 foram classificados como graves, com 74 pessoas feridas e 5 v\u00edtimas fatais. No mesmo per\u00edodo do ano passado, em 2024, a PRF contabilizou 63 sinistros, com 17 acidentes graves, 71 feridos e 3 mortes. Neste ano, a BR-116 liderou os registros de acidentes, com 54 dos 67 sinistros (81%) e 3 vitimas fatais. Do total de acidentes, a maior partes destes foi do tipo colis\u00e3o traseira (25%) e colis\u00e3o lateral (15%).<\/p>\n<p>A PRF adverte que condutas como o excesso de velocidade e a falta de dist\u00e2ncia de seguran\u00e7a entre ve\u00edculos que trafegam, al\u00e9m de gerarem elevado risco \u00e0 seguran\u00e7a vi\u00e1ria e serem as principais causas de acidentes contabilizados durante essa Opera\u00e7\u00e3o, tamb\u00e9m configuram infra\u00e7\u00f5es de tr\u00e2nsito.<\/p>\n<p>Refor\u00e7ando seu compromisso com a preserva\u00e7\u00e3o de vidas, a PRF seguir\u00e1 atuando firmemente na fiscaliza\u00e7\u00e3o e conscientiza\u00e7\u00e3o dos condutores, contribuindo para um tr\u00e2nsito mais seguro para todos.<\/p>\n<\/div>\n<\/div>\n<\/div>\n<\/article>\n<\/div>\n<\/div>\n<p><\/main><\/div>\n<\/div>\n<\/div>\n","protected":false},"excerpt":{"rendered":"<p>Opera\u00e7\u00e3o encerra com aumento de a\u00e7\u00f5es educativas e de fiscaliza\u00e7\u00f5es de ultrapassagem em rela\u00e7\u00e3o ao ano passado Nesse feriado prolongado, a Pol\u00edcia Rodovi\u00e1ria Federal (PRF) mobilizou uma for\u00e7a tarefa para redobrar a seguran\u00e7a no tr\u00e2nsito durante a opera\u00e7\u00e3o Corpus Christi, que se estendeu de 18 a 22 de junho. Houve aumento nas a\u00e7\u00f5es educativas e [&hellip;]<\/p>\n","protected":false},"author":1,"featured_media":25701,"comment_status":"open","ping_status":"open","sticky":false,"template":"","format":"standard","meta":{"footnotes":""},"categories":[48],"tags":[],"class_list":{"0":"post-25700","1":"post","2":"type-post","3":"status-publish","4":"format-standard","5":"has-post-thumbnail","7":"category-geral"},"_links":{"self":[{"href":"https:\/\/jm-metropole.com.br\/site\/wp-json\/wp\/v2\/posts\/25700","targetHints":{"allow":["GET"]}}],"collection":[{"href":"https:\/\/jm-metropole.com.br\/site\/wp-json\/wp\/v2\/posts"}],"about":[{"href":"https:\/\/jm-metropole.com.br\/site\/wp-json\/wp\/v2\/types\/post"}],"author":[{"embeddable":true,"href":"https:\/\/jm-metropole.com.br\/site\/wp-json\/wp\/v2\/users\/1"}],"replies":[{"embeddable":true,"href":"https:\/\/jm-metropole.com.br\/site\/wp-json\/wp\/v2\/comments?post=25700"}],"version-history":[{"count":1,"href":"https:\/\/jm-metropole.com.br\/site\/wp-json\/wp\/v2\/posts\/25700\/revisions"}],"predecessor-version":[{"id":25702,"href":"https:\/\/jm-metropole.com.br\/site\/wp-json\/wp\/v2\/posts\/25700\/revisions\/25702"}],"wp:featuredmedia":[{"embeddable":true,"href":"https:\/\/jm-metropole.com.br\/site\/wp-json\/wp\/v2\/media\/25701"}],"wp:attachment":[{"href":"https:\/\/jm-metropole.com.br\/site\/wp-json\/wp\/v2\/media?parent=25700"}],"wp:term":[{"taxonomy":"category","embeddable":true,"href":"https:\/\/jm-metropole.com.br\/site\/wp-json\/wp\/v2\/categories?post=25700"},{"taxonomy":"post_tag","embeddable":true,"href":"https:\/\/jm-metropole.com.br\/site\/wp-json\/wp\/v2\/tags?post=25700"}],"curies":[{"name":"wp","href":"https:\/\/api.w.org\/{rel}","templated":true}]}}