{"id":25689,"date":"2025-06-23T11:47:38","date_gmt":"2025-06-23T14:47:38","guid":{"rendered":"https:\/\/jm-metropole.com.br\/site\/?p=25689"},"modified":"2025-06-23T11:47:38","modified_gmt":"2025-06-23T14:47:38","slug":"taboao-recebe-servicos-do-procon-nos-bairros-nesta-terca-feira","status":"publish","type":"post","link":"https:\/\/jm-metropole.com.br\/site\/taboao-recebe-servicos-do-procon-nos-bairros-nesta-terca-feira\/","title":{"rendered":"Tabo\u00e3o recebe servi\u00e7os do Procon nos Bairros nesta ter\u00e7a-feira"},"content":{"rendered":"<p>A unidade itinerante do projeto Procon nos Bairros estar\u00e1 nesta ter\u00e7a-feira (24) em frente \u00e0 EPG Im\u00e3 Of\u00e9lia Echeverri Lopes (rua Adolfo Noronha, s\/n\u00ba), no Tabo\u00e3o, para atender a popula\u00e7\u00e3o do bairro e imedia\u00e7\u00f5es das 10h \u00e0s 16h. A iniciativa da Coordenadoria de Defesa e Prote\u00e7\u00e3o do Consumidor leva toda semana a um bairro diferente do munic\u00edpio os mesmos servi\u00e7os executados nas tr\u00eas ag\u00eancias do Procon Guarulhos.<\/p>\n<p>Os moradores da regi\u00e3o poder\u00e3o obter no ve\u00edculo do Procon orienta\u00e7\u00f5es e informa\u00e7\u00f5es, tirar d\u00favidas, abrir reclama\u00e7\u00f5es e solicitar o desbloqueio da Nota Fiscal Paulista. A equipe do \u00f3rg\u00e3o ir\u00e1 tamb\u00e9m esclarecer e verificar eventuais reclama\u00e7\u00f5es da popula\u00e7\u00e3o sobre estabelecimentos que desrespeitam o C\u00f3digo de Prote\u00e7\u00e3o e Defesa do Consumidor (lei federal 8.078\/1990).<\/p>\n<p>Atendimentos<\/p>\n<p>Os atendimentos presenciais ocorrem de segunda a sexta-feira, das 8h \u00e0s 16h, nas seguintes unidades:<\/p>\n<p>Procon Central: rua Sete de Setembro, 164, Centro<br \/>\nProcon S\u00e3o Jo\u00e3o: rua Mesquita, 29, Jardim S\u00e3o Jo\u00e3o. Telefone: 2408-4315<br \/>\nProcon Pimentas: estrada do Cap\u00e3o Bonito, 53, Conjunto Marcos Freire (pr\u00e9dio do CIC). Telefone: 3202-1312<br \/>\nO Procon Guarulhos atende tamb\u00e9m pelo Disque-Den\u00fancia 151.<\/p>\n<p>Imagem: Fabio Nunes Teixeira\/ PMG<\/p>\n","protected":false},"excerpt":{"rendered":"<p>A unidade itinerante do projeto Procon nos Bairros estar\u00e1 nesta ter\u00e7a-feira (24) em frente \u00e0 EPG Im\u00e3 Of\u00e9lia Echeverri Lopes (rua Adolfo Noronha, s\/n\u00ba), no Tabo\u00e3o, para atender a popula\u00e7\u00e3o do bairro e imedia\u00e7\u00f5es das 10h \u00e0s 16h. A iniciativa da Coordenadoria de Defesa e Prote\u00e7\u00e3o do Consumidor leva toda semana a um bairro diferente [&hellip;]<\/p>\n","protected":false},"author":1,"featured_media":25690,"comment_status":"open","ping_status":"open","sticky":false,"template":"","format":"standard","meta":{"footnotes":""},"categories":[3],"tags":[],"class_list":{"0":"post-25689","1":"post","2":"type-post","3":"status-publish","4":"format-standard","5":"has-post-thumbnail","7":"category-guarulhos"},"_links":{"self":[{"href":"https:\/\/jm-metropole.com.br\/site\/wp-json\/wp\/v2\/posts\/25689","targetHints":{"allow":["GET"]}}],"collection":[{"href":"https:\/\/jm-metropole.com.br\/site\/wp-json\/wp\/v2\/posts"}],"about":[{"href":"https:\/\/jm-metropole.com.br\/site\/wp-json\/wp\/v2\/types\/post"}],"author":[{"embeddable":true,"href":"https:\/\/jm-metropole.com.br\/site\/wp-json\/wp\/v2\/users\/1"}],"replies":[{"embeddable":true,"href":"https:\/\/jm-metropole.com.br\/site\/wp-json\/wp\/v2\/comments?post=25689"}],"version-history":[{"count":1,"href":"https:\/\/jm-metropole.com.br\/site\/wp-json\/wp\/v2\/posts\/25689\/revisions"}],"predecessor-version":[{"id":25691,"href":"https:\/\/jm-metropole.com.br\/site\/wp-json\/wp\/v2\/posts\/25689\/revisions\/25691"}],"wp:featuredmedia":[{"embeddable":true,"href":"https:\/\/jm-metropole.com.br\/site\/wp-json\/wp\/v2\/media\/25690"}],"wp:attachment":[{"href":"https:\/\/jm-metropole.com.br\/site\/wp-json\/wp\/v2\/media?parent=25689"}],"wp:term":[{"taxonomy":"category","embeddable":true,"href":"https:\/\/jm-metropole.com.br\/site\/wp-json\/wp\/v2\/categories?post=25689"},{"taxonomy":"post_tag","embeddable":true,"href":"https:\/\/jm-metropole.com.br\/site\/wp-json\/wp\/v2\/tags?post=25689"}],"curies":[{"name":"wp","href":"https:\/\/api.w.org\/{rel}","templated":true}]}}