{"id":25680,"date":"2025-06-20T16:58:37","date_gmt":"2025-06-20T19:58:37","guid":{"rendered":"https:\/\/jm-metropole.com.br\/site\/?p=25680"},"modified":"2025-06-20T16:58:37","modified_gmt":"2025-06-20T19:58:37","slug":"selecao-feminina-de-volei-sofre-mas-bate-canada-na-liga-das-nacoes","status":"publish","type":"post","link":"https:\/\/jm-metropole.com.br\/site\/selecao-feminina-de-volei-sofre-mas-bate-canada-na-liga-das-nacoes\/","title":{"rendered":"Sele\u00e7\u00e3o feminina de v\u00f4lei sofre, mas bate Canad\u00e1 na Liga das Na\u00e7\u00f5es"},"content":{"rendered":"<div class=\"header-noticia full-width\">\n<div class=\"linha-fina-noticia\">&#8220;Xar\u00e1s&#8221; J\u00falia Bergmann e J\u00falia Kudiess comandam triunfo por 3 sets a 0<\/div>\n<\/div>\n<div class=\"container-autoria\"><\/div>\n<div>\n<p>A sele\u00e7\u00e3o feminina de v\u00f4lei alcan\u00e7ou a segunda vit\u00f3ria na\u00a0segunda semana da Liga das Na\u00e7\u00f5es. Nesta sexta-feira (20), em Istambul, na Turquia, as brasileiras derrotaram o Canad\u00e1 por 3 sets a 0, parciais de 25\/20, 25\/23 e 25\/23. Apesar do placar, a partida foi sofrida, com as canadenses ficando \u00e0 frente em momentos dos dois \u00faltimos sets, em especial no terceiro.<img decoding=\"async\" src=\"https:\/\/agenciabrasil.ebc.com.br\/ebc.png?id=1647861&amp;o=node\" \/><img decoding=\"async\" src=\"https:\/\/agenciabrasil.ebc.com.br\/ebc.gif?id=1647861&amp;o=node\" \/><\/p>\n<p>As &#8220;xar\u00e1s&#8221; J\u00falia Bergmann e J\u00falia Kudiess foram os destaques da equipe verde e amarela, com 17 e 16 pontos, respectivamente. A primeira, ponteira, foi decisiva nas bolas de ataque, com 12 pontos no fundamento, enquanto a segunda, central, fez metade de seus pontos em bloqueios.<\/p>\n<p><strong>As brasileiras alcan\u00e7aram a quinta vit\u00f3ria em seis jogos, ocupando provisoriamente a quinta posi\u00e7\u00e3o &#8211; os oito primeiros avan\u00e7am \u00e0s quartas de final.<\/strong>\u00a0A sele\u00e7\u00e3o do t\u00e9cnico Jos\u00e9 Roberto Guimar\u00e3es volta \u00e0 quadra neste s\u00e1bado (21), \u00e0s 10h (hor\u00e1rio de Bras\u00edlia), diante da Rep\u00fablica Dominicana, novamente em Istambul. No domingo (22), \u00e0s 13h30, as advers\u00e1rias ser\u00e3o as anfitri\u00e3s turcas.<\/p>\n<p>Nesta primeira fase da Liga das Na\u00e7\u00f5es, a sele\u00e7\u00e3o feminina tem ainda mais quatro jogos em Chiba, no Jap\u00e3o (terceira semana, entre 9 e 13 de julho). Os quatro primeiros duelos das brasileiras foram no Rio de Janeiro (4 a 8 de junho). A fase final ser\u00e1 disputada em Lodz, na Pol\u00f4nia, entre os dias 23 e 27 de julho.<\/p>\n<p>*Com informa\u00e7\u00f5es de Ag\u00eancia Brasil<\/p>\n<\/div>\n","protected":false},"excerpt":{"rendered":"<p>&#8220;Xar\u00e1s&#8221; J\u00falia Bergmann e J\u00falia Kudiess comandam triunfo por 3 sets a 0 A sele\u00e7\u00e3o feminina de v\u00f4lei alcan\u00e7ou a segunda vit\u00f3ria na\u00a0segunda semana da Liga das Na\u00e7\u00f5es. Nesta sexta-feira (20), em Istambul, na Turquia, as brasileiras derrotaram o Canad\u00e1 por 3 sets a 0, parciais de 25\/20, 25\/23 e 25\/23. Apesar do placar, a [&hellip;]<\/p>\n","protected":false},"author":1,"featured_media":25681,"comment_status":"open","ping_status":"open","sticky":false,"template":"","format":"standard","meta":{"footnotes":""},"categories":[12],"tags":[],"class_list":{"0":"post-25680","1":"post","2":"type-post","3":"status-publish","4":"format-standard","5":"has-post-thumbnail","7":"category-esporte"},"_links":{"self":[{"href":"https:\/\/jm-metropole.com.br\/site\/wp-json\/wp\/v2\/posts\/25680","targetHints":{"allow":["GET"]}}],"collection":[{"href":"https:\/\/jm-metropole.com.br\/site\/wp-json\/wp\/v2\/posts"}],"about":[{"href":"https:\/\/jm-metropole.com.br\/site\/wp-json\/wp\/v2\/types\/post"}],"author":[{"embeddable":true,"href":"https:\/\/jm-metropole.com.br\/site\/wp-json\/wp\/v2\/users\/1"}],"replies":[{"embeddable":true,"href":"https:\/\/jm-metropole.com.br\/site\/wp-json\/wp\/v2\/comments?post=25680"}],"version-history":[{"count":1,"href":"https:\/\/jm-metropole.com.br\/site\/wp-json\/wp\/v2\/posts\/25680\/revisions"}],"predecessor-version":[{"id":25682,"href":"https:\/\/jm-metropole.com.br\/site\/wp-json\/wp\/v2\/posts\/25680\/revisions\/25682"}],"wp:featuredmedia":[{"embeddable":true,"href":"https:\/\/jm-metropole.com.br\/site\/wp-json\/wp\/v2\/media\/25681"}],"wp:attachment":[{"href":"https:\/\/jm-metropole.com.br\/site\/wp-json\/wp\/v2\/media?parent=25680"}],"wp:term":[{"taxonomy":"category","embeddable":true,"href":"https:\/\/jm-metropole.com.br\/site\/wp-json\/wp\/v2\/categories?post=25680"},{"taxonomy":"post_tag","embeddable":true,"href":"https:\/\/jm-metropole.com.br\/site\/wp-json\/wp\/v2\/tags?post=25680"}],"curies":[{"name":"wp","href":"https:\/\/api.w.org\/{rel}","templated":true}]}}