{"id":25677,"date":"2025-06-20T16:56:54","date_gmt":"2025-06-20T19:56:54","guid":{"rendered":"https:\/\/jm-metropole.com.br\/site\/?p=25677"},"modified":"2025-06-20T16:56:54","modified_gmt":"2025-06-20T19:56:54","slug":"aos-117-anos-banda-lira-e-oficializada-como-patrimonio-cultural-imaterial-de-guarulhos","status":"publish","type":"post","link":"https:\/\/jm-metropole.com.br\/site\/aos-117-anos-banda-lira-e-oficializada-como-patrimonio-cultural-imaterial-de-guarulhos\/","title":{"rendered":"Aos 117 anos, Banda Lira \u00e9 oficializada como Patrim\u00f4nio Cultural Imaterial de Guarulhos"},"content":{"rendered":"<p>A Prefeitura de Guarulhos publicou no Di\u00e1rio Oficial a homologa\u00e7\u00e3o da Banda Lira de Guarulhos como Bem Cultural de Natureza Imaterial da cidade. Agora, o grupo integrar\u00e1 o Livro de Registro das Formas de Express\u00e3o, como manifesta\u00e7\u00e3o musical enraizada na hist\u00f3ria e identidade guarulhense.<\/p>\n<p>\u201cA Banda Lira \u00e9 uma institui\u00e7\u00e3o que n\u00e3o apenas testemunhou, mas participou ativamente da constru\u00e7\u00e3o da paisagem cultural da cidade no \u00faltimo s\u00e9culo. O valor do trabalho que eles realizam \u00e9 inestim\u00e1vel e a cada ano a mais que comemoram, \u00e9 uma prova da for\u00e7a que a m\u00fasica tem, tanto para os membros da banda quanto para o p\u00fablico que os acompanha e admira\u201d, celebra o secret\u00e1rio de Cultura, Jo\u00e3o Vaz.<\/p>\n<p>Com 117 anos de hist\u00f3ria, a Banda Lira \u00e9 a primeira institui\u00e7\u00e3o a receber o t\u00edtulo, que marca a import\u00e2ncia do trabalho realizado pelo grupo em Guarulhos.<\/p>\n<p>O processo contou com o \u00e1rduo trabalho do atual presidente da Banda Lira, Gilmar Abbud, que reuniu em um dossi\u00ea diversos registros hist\u00f3ricos contando a cronologia do grupo desde sua cria\u00e7\u00e3o em 1908, fotografias e depoimentos que atestam a import\u00e2ncia da institui\u00e7\u00e3o na cidade. \u201cEu diria que \u00e9 um dos t\u00edtulos mais importantes, porque ele valida e valoriza toda a nossa hist\u00f3ria. Para o munic\u00edpio, isso eleva o n\u00edvel de credibilidade ao reconhecer as suas origens e preservar, para que essas atividades, esses patrim\u00f4nios permane\u00e7am de p\u00e9\u201d, conta Abbud.<\/p>\n<p>Atualmente, a Banda Lira conta com 23 m\u00fasicos, sendo tr\u00eas deles da Velha Guarda. Para o presidente, essa \u00e9 uma das coisas que ajudam a preservar a hist\u00f3ria do grupo, a exemplo de seu pai, Wilson Abbud, 60 anos, o artista com maior tempo de perman\u00eancia na banda. \u201cAcima de tudo \u00e9 um ato de respeito, de carinho, de gratid\u00e3o\u201d, finalizou.<\/p>\n<p>Foto: Divulga\u00e7\u00e3o\/Banda Lira de Guarulhos<\/p>\n","protected":false},"excerpt":{"rendered":"<p>A Prefeitura de Guarulhos publicou no Di\u00e1rio Oficial a homologa\u00e7\u00e3o da Banda Lira de Guarulhos como Bem Cultural de Natureza Imaterial da cidade. Agora, o grupo integrar\u00e1 o Livro de Registro das Formas de Express\u00e3o, como manifesta\u00e7\u00e3o musical enraizada na hist\u00f3ria e identidade guarulhense. \u201cA Banda Lira \u00e9 uma institui\u00e7\u00e3o que n\u00e3o apenas testemunhou, mas [&hellip;]<\/p>\n","protected":false},"author":1,"featured_media":25678,"comment_status":"open","ping_status":"open","sticky":false,"template":"","format":"standard","meta":{"footnotes":""},"categories":[3],"tags":[],"class_list":{"0":"post-25677","1":"post","2":"type-post","3":"status-publish","4":"format-standard","5":"has-post-thumbnail","7":"category-guarulhos"},"_links":{"self":[{"href":"https:\/\/jm-metropole.com.br\/site\/wp-json\/wp\/v2\/posts\/25677","targetHints":{"allow":["GET"]}}],"collection":[{"href":"https:\/\/jm-metropole.com.br\/site\/wp-json\/wp\/v2\/posts"}],"about":[{"href":"https:\/\/jm-metropole.com.br\/site\/wp-json\/wp\/v2\/types\/post"}],"author":[{"embeddable":true,"href":"https:\/\/jm-metropole.com.br\/site\/wp-json\/wp\/v2\/users\/1"}],"replies":[{"embeddable":true,"href":"https:\/\/jm-metropole.com.br\/site\/wp-json\/wp\/v2\/comments?post=25677"}],"version-history":[{"count":1,"href":"https:\/\/jm-metropole.com.br\/site\/wp-json\/wp\/v2\/posts\/25677\/revisions"}],"predecessor-version":[{"id":25679,"href":"https:\/\/jm-metropole.com.br\/site\/wp-json\/wp\/v2\/posts\/25677\/revisions\/25679"}],"wp:featuredmedia":[{"embeddable":true,"href":"https:\/\/jm-metropole.com.br\/site\/wp-json\/wp\/v2\/media\/25678"}],"wp:attachment":[{"href":"https:\/\/jm-metropole.com.br\/site\/wp-json\/wp\/v2\/media?parent=25677"}],"wp:term":[{"taxonomy":"category","embeddable":true,"href":"https:\/\/jm-metropole.com.br\/site\/wp-json\/wp\/v2\/categories?post=25677"},{"taxonomy":"post_tag","embeddable":true,"href":"https:\/\/jm-metropole.com.br\/site\/wp-json\/wp\/v2\/tags?post=25677"}],"curies":[{"name":"wp","href":"https:\/\/api.w.org\/{rel}","templated":true}]}}