{"id":25508,"date":"2025-06-12T12:41:03","date_gmt":"2025-06-12T15:41:03","guid":{"rendered":"https:\/\/jm-metropole.com.br\/site\/?p=25508"},"modified":"2025-06-12T12:41:03","modified_gmt":"2025-06-12T15:41:03","slug":"espaco-clara-maria-pimentas-promove-palestra-sobre-saude-da-mulher","status":"publish","type":"post","link":"https:\/\/jm-metropole.com.br\/site\/espaco-clara-maria-pimentas-promove-palestra-sobre-saude-da-mulher\/","title":{"rendered":"Espa\u00e7o Clara Maria Pimentas promove palestra sobre sa\u00fade da mulher"},"content":{"rendered":"<p>Uma plateia de cerca de 30 mulheres participou nesta quarta-feira (11) da palestra sobre sa\u00fade da mulher no Espa\u00e7o Clara Maria instalado no CEU Pimentas. Acompanhado pela subsecret\u00e1ria de Pol\u00edticas para as Mulheres, Vanessa de Jesus, o evento foi ministrado pelo enfermeiro Enzo Alonso Perrone e pela gerente em sa\u00fade, Malu Midori Nakao dos Santos, ambos servidores da UBS Inocoop.<\/p>\n<p>Para Vanessa, a sa\u00fade \u00e9 uma parte essencial do cuidado e da prote\u00e7\u00e3o \u00e0s mulheres de Guarulhos. \u201cCom esse compromisso, a Subsecretaria da Mulher, em parceria com a Secretaria da Sa\u00fade, atua para garantir informa\u00e7\u00e3o de qualidade sobre a realiza\u00e7\u00e3o de exames, dos atendimentos dispon\u00edveis na rede municipal e, acima de tudo, para promover o cuidado integral e o resgate da autoestima\u201d disse a respons\u00e1vel pela pasta.<\/p>\n<p>A gestora destacou ainda o papel dos profissionais da sa\u00fade na integra\u00e7\u00e3o com as participantes. \u201cTer conosco o enfermeiro Enzo e a gerente Malu conduzindo essa conversa t\u00e3o importante, foi fundamental para fortalecer esse v\u00ednculo de aten\u00e7\u00e3o e acolhimento que buscamos construir todos os dias&#8221;, completou.<\/p>\n<p>A iniciativa da subsecretaria teve por objetivo informar \u00e0s atendidas pela Casa da Mulher sobre a preven\u00e7\u00e3o e o controle de doen\u00e7as. Entre os assuntos discutidos estiveram menopausa, preven\u00e7\u00e3o de c\u00e2ncer de mama e de colo do \u00fatero, cuidado com doen\u00e7as cr\u00f4nicas como hipertens\u00e3o arterial e diabetes, import\u00e2ncia de realizar o pr\u00e9-natal na gravidez, entre outros.<\/p>\n<p>A Subsecretaria de Pol\u00edticas para as Mulheres integra da Secretaria de Direitos Humanos.<\/p>\n<p>&nbsp;<\/p>\n","protected":false},"excerpt":{"rendered":"<p>Uma plateia de cerca de 30 mulheres participou nesta quarta-feira (11) da palestra sobre sa\u00fade da mulher no Espa\u00e7o Clara Maria instalado no CEU Pimentas. Acompanhado pela subsecret\u00e1ria de Pol\u00edticas para as Mulheres, Vanessa de Jesus, o evento foi ministrado pelo enfermeiro Enzo Alonso Perrone e pela gerente em sa\u00fade, Malu Midori Nakao dos Santos, [&hellip;]<\/p>\n","protected":false},"author":1,"featured_media":25509,"comment_status":"open","ping_status":"open","sticky":false,"template":"","format":"standard","meta":{"footnotes":""},"categories":[3],"tags":[],"class_list":{"0":"post-25508","1":"post","2":"type-post","3":"status-publish","4":"format-standard","5":"has-post-thumbnail","7":"category-guarulhos"},"_links":{"self":[{"href":"https:\/\/jm-metropole.com.br\/site\/wp-json\/wp\/v2\/posts\/25508","targetHints":{"allow":["GET"]}}],"collection":[{"href":"https:\/\/jm-metropole.com.br\/site\/wp-json\/wp\/v2\/posts"}],"about":[{"href":"https:\/\/jm-metropole.com.br\/site\/wp-json\/wp\/v2\/types\/post"}],"author":[{"embeddable":true,"href":"https:\/\/jm-metropole.com.br\/site\/wp-json\/wp\/v2\/users\/1"}],"replies":[{"embeddable":true,"href":"https:\/\/jm-metropole.com.br\/site\/wp-json\/wp\/v2\/comments?post=25508"}],"version-history":[{"count":1,"href":"https:\/\/jm-metropole.com.br\/site\/wp-json\/wp\/v2\/posts\/25508\/revisions"}],"predecessor-version":[{"id":25510,"href":"https:\/\/jm-metropole.com.br\/site\/wp-json\/wp\/v2\/posts\/25508\/revisions\/25510"}],"wp:featuredmedia":[{"embeddable":true,"href":"https:\/\/jm-metropole.com.br\/site\/wp-json\/wp\/v2\/media\/25509"}],"wp:attachment":[{"href":"https:\/\/jm-metropole.com.br\/site\/wp-json\/wp\/v2\/media?parent=25508"}],"wp:term":[{"taxonomy":"category","embeddable":true,"href":"https:\/\/jm-metropole.com.br\/site\/wp-json\/wp\/v2\/categories?post=25508"},{"taxonomy":"post_tag","embeddable":true,"href":"https:\/\/jm-metropole.com.br\/site\/wp-json\/wp\/v2\/tags?post=25508"}],"curies":[{"name":"wp","href":"https:\/\/api.w.org\/{rel}","templated":true}]}}