{"id":25491,"date":"2025-06-12T07:38:58","date_gmt":"2025-06-12T10:38:58","guid":{"rendered":"https:\/\/jm-metropole.com.br\/site\/?p=25491"},"modified":"2025-06-12T08:31:20","modified_gmt":"2025-06-12T11:31:20","slug":"a-subsecretaria-da-igualdade-racial-de-guarulhos-realizara-no-proximo-domingo-15-das-9h-as-15h-o-primeiro-migraacao-um-evento-integrado-com-servicos-essenciais-e-acolhimento-para-migrantes-refug","status":"publish","type":"post","link":"https:\/\/jm-metropole.com.br\/site\/a-subsecretaria-da-igualdade-racial-de-guarulhos-realizara-no-proximo-domingo-15-das-9h-as-15h-o-primeiro-migraacao-um-evento-integrado-com-servicos-essenciais-e-acolhimento-para-migrantes-refug\/","title":{"rendered":"Guarulhos promove o primeiro MigraA\u00e7\u00e3o com uma s\u00e9rie de servi\u00e7os gratuitos"},"content":{"rendered":"<p>A Subsecretaria da Igualdade Racial de Guarulhos realizar\u00e1 no pr\u00f3ximo domingo (15), das 9h \u00e0s 15h, o primeiro MigraA\u00e7\u00e3o, um evento integrado com servi\u00e7os essenciais e acolhimento para migrantes, refugiados e ap\u00e1tridas e suas fam\u00edlias, tudo de forma gratuita. A iniciativa ocorrer\u00e1 na UBS do Jardim Jacy, na rua S\u00e3o Geraldo da Piedade, 45.<\/p>\n<p>Guarulhos tem se destacado nos \u00faltimos anos no atendimento a migrantes, refugiados e ap\u00e1tridas, notadamente os afeg\u00e3os, que deixaram seu pa\u00eds devido a conflitos e persegui\u00e7\u00f5es pol\u00edticas e desde 2022 entram em grande n\u00famero no Brasil pelo aeroporto internacional, em Cumbica. A mais recente chegada de afeg\u00e3os a Guarulhos ocorreu no final de abril deste ano, com 18 migrantes.<\/p>\n<p>Durante o evento da subsecretaria haver\u00e1 atendimentos da Organiza\u00e7\u00e3o Internacional para Migra\u00e7\u00f5es (OIM), com a\u00e7\u00f5es e orienta\u00e7\u00f5es voltadas \u00e0 popula\u00e7\u00e3o migrante, refugiada e ap\u00e1trida. Al\u00e9m disso, os consulados da Bol\u00edvia, do Paraguai e do Peru ter\u00e3o postos para a emiss\u00e3o de documentos e a subse\u00e7\u00e3o Guarulhos da Ordem dos Advogados do Brasil (OAB) dar\u00e1 orienta\u00e7\u00f5es jur\u00eddicas aos interessados.<\/p>\n<p>Por sua vez, a Secretaria Municipal da Sa\u00fade far\u00e1 atendimentos m\u00e9dicos diversos, vacina\u00e7\u00e3o, testes de infec\u00e7\u00f5es sexualmente transmiss\u00edveis, exames de Papanicolau e busca ativa de c\u00e2ncer bucal, enquanto que o Departamento de Prote\u00e7\u00e3o Animal far\u00e1 agendamento para castra\u00e7\u00e3o de c\u00e3es e gatos e dar\u00e1 orienta\u00e7\u00f5es sobre os cuidados necess\u00e1rios com os pets.<\/p>\n<p>Haver\u00e1 ainda uma van que disponibilizar\u00e1 inscri\u00e7\u00e3o e atualiza\u00e7\u00e3o dos dados do Cadastro \u00danico para Programas Sociais (Cad\u00danico), orienta\u00e7\u00f5es sobre o projeto Plac (Portugu\u00eas como L\u00edngua de Acolhimento), distribui\u00e7\u00e3o de cartilhas sobre a educa\u00e7\u00e3o municipal, solicita\u00e7\u00f5es de CPF com a Asbrad (Associa\u00e7\u00e3o Brasileira de Defesa da Mulher, da Inf\u00e2ncia e da Juventude) e inscri\u00e7\u00f5es no programa Minha Casa, Minha Vida com a Secretaria de Habita\u00e7\u00e3o. Todos os atendimentos est\u00e3o sujeitos \u00e0 disponibilidade de vagas.<\/p>\n<p>Imagem: Gezer Amorim\/PMG<\/p>\n","protected":false},"excerpt":{"rendered":"<p>A Subsecretaria da Igualdade Racial de Guarulhos realizar\u00e1 no pr\u00f3ximo domingo (15), das 9h \u00e0s 15h, o primeiro MigraA\u00e7\u00e3o, um evento integrado com servi\u00e7os essenciais e acolhimento para migrantes, refugiados e ap\u00e1tridas e suas fam\u00edlias, tudo de forma gratuita. A iniciativa ocorrer\u00e1 na UBS do Jardim Jacy, na rua S\u00e3o Geraldo da Piedade, 45. Guarulhos [&hellip;]<\/p>\n","protected":false},"author":1,"featured_media":25492,"comment_status":"open","ping_status":"open","sticky":false,"template":"","format":"standard","meta":{"footnotes":""},"categories":[3],"tags":[],"class_list":{"0":"post-25491","1":"post","2":"type-post","3":"status-publish","4":"format-standard","5":"has-post-thumbnail","7":"category-guarulhos"},"_links":{"self":[{"href":"https:\/\/jm-metropole.com.br\/site\/wp-json\/wp\/v2\/posts\/25491","targetHints":{"allow":["GET"]}}],"collection":[{"href":"https:\/\/jm-metropole.com.br\/site\/wp-json\/wp\/v2\/posts"}],"about":[{"href":"https:\/\/jm-metropole.com.br\/site\/wp-json\/wp\/v2\/types\/post"}],"author":[{"embeddable":true,"href":"https:\/\/jm-metropole.com.br\/site\/wp-json\/wp\/v2\/users\/1"}],"replies":[{"embeddable":true,"href":"https:\/\/jm-metropole.com.br\/site\/wp-json\/wp\/v2\/comments?post=25491"}],"version-history":[{"count":2,"href":"https:\/\/jm-metropole.com.br\/site\/wp-json\/wp\/v2\/posts\/25491\/revisions"}],"predecessor-version":[{"id":25501,"href":"https:\/\/jm-metropole.com.br\/site\/wp-json\/wp\/v2\/posts\/25491\/revisions\/25501"}],"wp:featuredmedia":[{"embeddable":true,"href":"https:\/\/jm-metropole.com.br\/site\/wp-json\/wp\/v2\/media\/25492"}],"wp:attachment":[{"href":"https:\/\/jm-metropole.com.br\/site\/wp-json\/wp\/v2\/media?parent=25491"}],"wp:term":[{"taxonomy":"category","embeddable":true,"href":"https:\/\/jm-metropole.com.br\/site\/wp-json\/wp\/v2\/categories?post=25491"},{"taxonomy":"post_tag","embeddable":true,"href":"https:\/\/jm-metropole.com.br\/site\/wp-json\/wp\/v2\/tags?post=25491"}],"curies":[{"name":"wp","href":"https:\/\/api.w.org\/{rel}","templated":true}]}}