{"id":25481,"date":"2025-06-11T15:36:18","date_gmt":"2025-06-11T18:36:18","guid":{"rendered":"https:\/\/jm-metropole.com.br\/site\/?p=25481"},"modified":"2025-06-11T15:36:18","modified_gmt":"2025-06-11T18:36:18","slug":"itaqua-tera-vacinacao-contra-a-gripe-neste-fim-de-semana","status":"publish","type":"post","link":"https:\/\/jm-metropole.com.br\/site\/itaqua-tera-vacinacao-contra-a-gripe-neste-fim-de-semana\/","title":{"rendered":"Itaqu\u00e1 ter\u00e1 vacina\u00e7\u00e3o contra a gripe neste fim de semana"},"content":{"rendered":"<p>Imunizante ser\u00e1 oferecido em dois locais no s\u00e1bado (14) e em quatro no domingo (15)<\/p>\n<p>A Secretaria de Sa\u00fade de Itaquaquecetuba ter\u00e1 quatro pontos de vacina\u00e7\u00e3o contra a gripe neste fim de semana. O imunizante ser\u00e1 oferecido em locais de grande circula\u00e7\u00e3o de pessoas, sendo dois no s\u00e1bado (14) e quatro no domingo (15).<\/p>\n<p>A medida busca aumentar a cobertura vacinal, levando em conta que agora qualquer pessoa acima de 6 meses pode se vacinar. Basta apresentar a carteirinha de vacina\u00e7\u00e3o, RG e CPF.<\/p>\n<p>No s\u00e1bado (14), das 10h \u00e0s 17h, a vacina\u00e7\u00e3o acontece nos supermercados Takahashi (av. \u00cdtalo Adami, 800 &#8211; Vila Ursulina) e Shibata (rua Piraju, 499 &#8211; Monte Belo).<\/p>\n<p>J\u00e1 no s\u00e1bado (14) e no domingo (15), no mesmo hor\u00e1rio, al\u00e9m dos dois mercados, o Outlet Premium Grande S\u00e3o Paulo (estr. de S\u00e3o Bento, 9550 &#8211; Jardim Josely) e o Itaqu\u00e1 Park Shopping (estr. Mun. do Mandi, 1205 &#8211; Jardim Adriane) ter\u00e3o pontos de vacina\u00e7\u00e3o.<\/p>\n<p>\u201cEstamos fazendo um esfor\u00e7o conjunto para levar informa\u00e7\u00e3o e acesso \u00e0 vacina a todos os moradores. A vacina\u00e7\u00e3o \u00e9 fundamental para proteger a sa\u00fade da popula\u00e7\u00e3o, especialmente agora, com temperaturas mais baixas\u201d, destacou o secret\u00e1rio de Sa\u00fade e Assist\u00eancia Social, Gabriel Rocha.<\/p>\n<p>\u201cA vacina est\u00e1 dispon\u00edvel, \u00e9 segura, gratuita e pode evitar complica\u00e7\u00f5es. Nosso apelo \u00e9 para que todos que ainda n\u00e3o se vacinaram compare\u00e7am a uma unidade de sa\u00fade o quanto antes ou aproveitem os postos volantes no fim de semana\u201d, refor\u00e7ou o prefeito Eduardo Boigues.<\/p>\n<p>Fotos: Dayane Oliveira<\/p>\n","protected":false},"excerpt":{"rendered":"<p>Imunizante ser\u00e1 oferecido em dois locais no s\u00e1bado (14) e em quatro no domingo (15) A Secretaria de Sa\u00fade de Itaquaquecetuba ter\u00e1 quatro pontos de vacina\u00e7\u00e3o contra a gripe neste fim de semana. O imunizante ser\u00e1 oferecido em locais de grande circula\u00e7\u00e3o de pessoas, sendo dois no s\u00e1bado (14) e quatro no domingo (15). A [&hellip;]<\/p>\n","protected":false},"author":1,"featured_media":25482,"comment_status":"open","ping_status":"open","sticky":false,"template":"","format":"standard","meta":{"footnotes":""},"categories":[6],"tags":[],"class_list":{"0":"post-25481","1":"post","2":"type-post","3":"status-publish","4":"format-standard","5":"has-post-thumbnail","7":"category-itaqua"},"_links":{"self":[{"href":"https:\/\/jm-metropole.com.br\/site\/wp-json\/wp\/v2\/posts\/25481","targetHints":{"allow":["GET"]}}],"collection":[{"href":"https:\/\/jm-metropole.com.br\/site\/wp-json\/wp\/v2\/posts"}],"about":[{"href":"https:\/\/jm-metropole.com.br\/site\/wp-json\/wp\/v2\/types\/post"}],"author":[{"embeddable":true,"href":"https:\/\/jm-metropole.com.br\/site\/wp-json\/wp\/v2\/users\/1"}],"replies":[{"embeddable":true,"href":"https:\/\/jm-metropole.com.br\/site\/wp-json\/wp\/v2\/comments?post=25481"}],"version-history":[{"count":1,"href":"https:\/\/jm-metropole.com.br\/site\/wp-json\/wp\/v2\/posts\/25481\/revisions"}],"predecessor-version":[{"id":25483,"href":"https:\/\/jm-metropole.com.br\/site\/wp-json\/wp\/v2\/posts\/25481\/revisions\/25483"}],"wp:featuredmedia":[{"embeddable":true,"href":"https:\/\/jm-metropole.com.br\/site\/wp-json\/wp\/v2\/media\/25482"}],"wp:attachment":[{"href":"https:\/\/jm-metropole.com.br\/site\/wp-json\/wp\/v2\/media?parent=25481"}],"wp:term":[{"taxonomy":"category","embeddable":true,"href":"https:\/\/jm-metropole.com.br\/site\/wp-json\/wp\/v2\/categories?post=25481"},{"taxonomy":"post_tag","embeddable":true,"href":"https:\/\/jm-metropole.com.br\/site\/wp-json\/wp\/v2\/tags?post=25481"}],"curies":[{"name":"wp","href":"https:\/\/api.w.org\/{rel}","templated":true}]}}