{"id":25478,"date":"2025-06-11T15:33:37","date_gmt":"2025-06-11T18:33:37","guid":{"rendered":"https:\/\/jm-metropole.com.br\/site\/?p=25478"},"modified":"2025-06-11T15:33:37","modified_gmt":"2025-06-11T18:33:37","slug":"vereadores-mirins-discutirao-e-votarao-projetos-de-lei-em-sessao-especial-nesta-quarta-feira-11-6","status":"publish","type":"post","link":"https:\/\/jm-metropole.com.br\/site\/vereadores-mirins-discutirao-e-votarao-projetos-de-lei-em-sessao-especial-nesta-quarta-feira-11-6\/","title":{"rendered":"Vereadores Mirins discutir\u00e3o e votar\u00e3o projetos de Lei em Sess\u00e3o Especial nesta quarta-feira (11\/6)"},"content":{"rendered":"<p>Os participantes da 3\u00b0 edi\u00e7\u00e3o do projeto Vereador Mirim por Um Dia encerrar\u00e3o suas atividades nesta quarta-feira (11\/6). A Sess\u00e3o Especial de Discuss\u00e3o e Vota\u00e7\u00e3o de Projetos \u00e9 o \u00faltimo compromisso dos vereadores.<\/p>\n<p>O evento, aberto ao p\u00fablico, acontecer\u00e1 no Plen\u00e1rio Vereador Jo\u00e3o Godoy a partir das 18h, com transmiss\u00e3o ao vivo pelo canal oficial do Youtube da Escola do Legislativo.<\/p>\n<p>A Sess\u00e3o ser\u00e1 comanda pela Mesa Diretora Mirim que receber\u00e1, se necess\u00e1rio, aux\u00edlio da equipe da Secretaria Legislativa.<\/p>\n<p>Clique no link e saiba mais: https:\/\/www.camaraaruja.sp.gov.br\/noticias\/vereadores-mirins-discutirao-e-votarao-projetos-de-lei-em-sessao-especial-nesta-quarta-feira-116<\/p>\n","protected":false},"excerpt":{"rendered":"<p>Os participantes da 3\u00b0 edi\u00e7\u00e3o do projeto Vereador Mirim por Um Dia encerrar\u00e3o suas atividades nesta quarta-feira (11\/6). A Sess\u00e3o Especial de Discuss\u00e3o e Vota\u00e7\u00e3o de Projetos \u00e9 o \u00faltimo compromisso dos vereadores. O evento, aberto ao p\u00fablico, acontecer\u00e1 no Plen\u00e1rio Vereador Jo\u00e3o Godoy a partir das 18h, com transmiss\u00e3o ao vivo pelo canal oficial [&hellip;]<\/p>\n","protected":false},"author":1,"featured_media":25479,"comment_status":"open","ping_status":"open","sticky":false,"template":"","format":"standard","meta":{"footnotes":""},"categories":[1],"tags":[],"class_list":{"0":"post-25478","1":"post","2":"type-post","3":"status-publish","4":"format-standard","5":"has-post-thumbnail","7":"category-tudo"},"_links":{"self":[{"href":"https:\/\/jm-metropole.com.br\/site\/wp-json\/wp\/v2\/posts\/25478","targetHints":{"allow":["GET"]}}],"collection":[{"href":"https:\/\/jm-metropole.com.br\/site\/wp-json\/wp\/v2\/posts"}],"about":[{"href":"https:\/\/jm-metropole.com.br\/site\/wp-json\/wp\/v2\/types\/post"}],"author":[{"embeddable":true,"href":"https:\/\/jm-metropole.com.br\/site\/wp-json\/wp\/v2\/users\/1"}],"replies":[{"embeddable":true,"href":"https:\/\/jm-metropole.com.br\/site\/wp-json\/wp\/v2\/comments?post=25478"}],"version-history":[{"count":1,"href":"https:\/\/jm-metropole.com.br\/site\/wp-json\/wp\/v2\/posts\/25478\/revisions"}],"predecessor-version":[{"id":25480,"href":"https:\/\/jm-metropole.com.br\/site\/wp-json\/wp\/v2\/posts\/25478\/revisions\/25480"}],"wp:featuredmedia":[{"embeddable":true,"href":"https:\/\/jm-metropole.com.br\/site\/wp-json\/wp\/v2\/media\/25479"}],"wp:attachment":[{"href":"https:\/\/jm-metropole.com.br\/site\/wp-json\/wp\/v2\/media?parent=25478"}],"wp:term":[{"taxonomy":"category","embeddable":true,"href":"https:\/\/jm-metropole.com.br\/site\/wp-json\/wp\/v2\/categories?post=25478"},{"taxonomy":"post_tag","embeddable":true,"href":"https:\/\/jm-metropole.com.br\/site\/wp-json\/wp\/v2\/tags?post=25478"}],"curies":[{"name":"wp","href":"https:\/\/api.w.org\/{rel}","templated":true}]}}