{"id":25472,"date":"2025-06-11T15:12:36","date_gmt":"2025-06-11T18:12:36","guid":{"rendered":"https:\/\/jm-metropole.com.br\/site\/?p=25472"},"modified":"2025-06-11T15:12:36","modified_gmt":"2025-06-11T18:12:36","slug":"prefeitura-abre-inscricoes-para-o-projeto-de-ferias-nos-ceus-na-proxima-segunda-feira","status":"publish","type":"post","link":"https:\/\/jm-metropole.com.br\/site\/prefeitura-abre-inscricoes-para-o-projeto-de-ferias-nos-ceus-na-proxima-segunda-feira\/","title":{"rendered":"Prefeitura abre inscri\u00e7\u00f5es para o projeto De F\u00e9rias nos CEUs na pr\u00f3xima segunda-feira"},"content":{"rendered":"<p>O projeto De F\u00e9rias nos CEUs est\u00e1 de volta e, nesta edi\u00e7\u00e3o, com ainda mais atividades. Nesse ano, al\u00e9m dos CEUs e espa\u00e7os educacionais de Guarulhos, diversas escolas da rede municipal tamb\u00e9m contar\u00e3o com programa\u00e7\u00e3o especial de f\u00e9rias para os alunos. As inscri\u00e7\u00f5es come\u00e7am na pr\u00f3xima segunda-feira (16) para as crian\u00e7as de quatro a 12 anos. O projeto \u00e9 oferecido gratuitamente pela Prefeitura de Guarulhos e as vagas s\u00e3o limitadas.<\/p>\n<p>Entre os dias 14 e 18 de julho, das 13h \u00e0s 17h, as crian\u00e7as v\u00e3o poder aproveitar uma semana repleta de atividades recreativas e de lazer oferecidas nos 13 CEUs da cidade, com 200 vagas por unidade. O projeto tamb\u00e9m acontecer\u00e1 no Centro Municipal de Educa\u00e7\u00e3o e Artes (Cemear) e nos parques Chico Mendes e J\u00falio Fracalanza.<\/p>\n<p>Al\u00e9m desses espa\u00e7os, as Escolas da Prefeitura de Guarulhos Rubem Alves (Jardim Maria Dirce), Marfilha Belloti (Cumbica), Cora Coralina (Cabu\u00e7u), Zuzu Angel (Vila Alzira), Jorge Mota de Oliveira (Cidade Industrial), Manuel Bandeira (Cidade Parque Alvorada), Dorival Caymmi (Ita\u00edm), Dorcelina de Oliveira (Parque Jurema), Giovani Angelini (Jardim Bondan\u00e7a), Carlos Drummond (Ser\u00f4dio), Siqueira Bueno (Jardim Vila Galv\u00e3o), S\u00edtio do Pica-pau Amarelo (Jardim Cocaia) e Tia Nast\u00e1cia (Jardim Paraventi) tamb\u00e9m participar\u00e3o com a oferta de 100 vagas cada, dispon\u00edveis na unidade escolar exclusivamente para alunos matriculados. A inscri\u00e7\u00e3o dever\u00e1 ser realizada diretamente na escola.<\/p>\n<p>Para participar, \u00e9 necess\u00e1rio realizar a inscri\u00e7\u00e3o presencialmente, das 8h \u00e0s 17h, em um dos espa\u00e7os educacionais. Os pais ou respons\u00e1veis pela crian\u00e7a devem apresentar RG, CPF e comprovante de resid\u00eancia.<\/p>\n<p>Durante o per\u00edodo de f\u00e9rias escolares, as crian\u00e7as contar\u00e3o com brincadeiras, gincanas, oficinas e muita divers\u00e3o nos CEUs e escolas da Prefeitura de Guarulhos. Os participantes receber\u00e3o refei\u00e7\u00f5es di\u00e1rias e ser\u00e3o acompanhados por professores e monitores, garantindo a seguran\u00e7a e a alegria das crian\u00e7as.<\/p>\n<p>Confira os endere\u00e7os dos CEUs no link https:\/\/portaleducacao.guarulhos.sp.gov.br\/siseduc\/portal\/site\/listar\/categoria\/171\/<\/p>\n","protected":false},"excerpt":{"rendered":"<p>O projeto De F\u00e9rias nos CEUs est\u00e1 de volta e, nesta edi\u00e7\u00e3o, com ainda mais atividades. Nesse ano, al\u00e9m dos CEUs e espa\u00e7os educacionais de Guarulhos, diversas escolas da rede municipal tamb\u00e9m contar\u00e3o com programa\u00e7\u00e3o especial de f\u00e9rias para os alunos. As inscri\u00e7\u00f5es come\u00e7am na pr\u00f3xima segunda-feira (16) para as crian\u00e7as de quatro a 12 [&hellip;]<\/p>\n","protected":false},"author":1,"featured_media":25473,"comment_status":"open","ping_status":"open","sticky":false,"template":"","format":"standard","meta":{"footnotes":""},"categories":[3],"tags":[],"class_list":{"0":"post-25472","1":"post","2":"type-post","3":"status-publish","4":"format-standard","5":"has-post-thumbnail","7":"category-guarulhos"},"_links":{"self":[{"href":"https:\/\/jm-metropole.com.br\/site\/wp-json\/wp\/v2\/posts\/25472","targetHints":{"allow":["GET"]}}],"collection":[{"href":"https:\/\/jm-metropole.com.br\/site\/wp-json\/wp\/v2\/posts"}],"about":[{"href":"https:\/\/jm-metropole.com.br\/site\/wp-json\/wp\/v2\/types\/post"}],"author":[{"embeddable":true,"href":"https:\/\/jm-metropole.com.br\/site\/wp-json\/wp\/v2\/users\/1"}],"replies":[{"embeddable":true,"href":"https:\/\/jm-metropole.com.br\/site\/wp-json\/wp\/v2\/comments?post=25472"}],"version-history":[{"count":1,"href":"https:\/\/jm-metropole.com.br\/site\/wp-json\/wp\/v2\/posts\/25472\/revisions"}],"predecessor-version":[{"id":25474,"href":"https:\/\/jm-metropole.com.br\/site\/wp-json\/wp\/v2\/posts\/25472\/revisions\/25474"}],"wp:featuredmedia":[{"embeddable":true,"href":"https:\/\/jm-metropole.com.br\/site\/wp-json\/wp\/v2\/media\/25473"}],"wp:attachment":[{"href":"https:\/\/jm-metropole.com.br\/site\/wp-json\/wp\/v2\/media?parent=25472"}],"wp:term":[{"taxonomy":"category","embeddable":true,"href":"https:\/\/jm-metropole.com.br\/site\/wp-json\/wp\/v2\/categories?post=25472"},{"taxonomy":"post_tag","embeddable":true,"href":"https:\/\/jm-metropole.com.br\/site\/wp-json\/wp\/v2\/tags?post=25472"}],"curies":[{"name":"wp","href":"https:\/\/api.w.org\/{rel}","templated":true}]}}