{"id":25463,"date":"2025-06-11T14:55:44","date_gmt":"2025-06-11T17:55:44","guid":{"rendered":"https:\/\/jm-metropole.com.br\/site\/?p=25463"},"modified":"2025-06-11T14:55:44","modified_gmt":"2025-06-11T17:55:44","slug":"jardim-itaqua-recebe-dia-d-da-reurb-continuada-nesta-quarta-11","status":"publish","type":"post","link":"https:\/\/jm-metropole.com.br\/site\/jardim-itaqua-recebe-dia-d-da-reurb-continuada-nesta-quarta-11\/","title":{"rendered":"Jardim Itaqu\u00e1 recebe &#8216;Dia D&#8217; da REURB Continuada nesta quarta (11)"},"content":{"rendered":"<p>A\u00e7\u00e3o levar\u00e1 ao bairro o cadastro social e uma s\u00e9rie de servi\u00e7os municipais<\/p>\n<p>A Secretaria de Habita\u00e7\u00e3o de Itaquaquecetuba vai promover, nesta quarta-feira (11), o &#8220;Dia D&#8221; da REURB Continuada no Jardim Itaqu\u00e1 para realiza\u00e7\u00e3o do cadastro social e de uma s\u00e9rie de servi\u00e7os gratuitos para atender a demanda dos moradores.<\/p>\n<p>A proposta do REURB Continuada \u00e9 avan\u00e7ar na regulariza\u00e7\u00e3o fundi\u00e1ria enquanto aproxima a administra\u00e7\u00e3o das comunidades em processo de regulariza\u00e7\u00e3o. &#8220;Temos utilizado o momento do cadastro para escutar as necessidades da popula\u00e7\u00e3o e ampliar o acesso a outros servi\u00e7os. A resposta tem sido muito positiva&#8221;, destacou a secret\u00e1ria de Habita\u00e7\u00e3o, Angela Quirino.<\/p>\n<p>A a\u00e7\u00e3o acontece das 9h \u00e0s 13h na rua dos Advogados, 451. Durante o evento, os moradores contar\u00e3o com o atendimento do Cadastro \u00danico, orienta\u00e7\u00f5es relacionadas ao meio ambiente, cadastro de curr\u00edculos, Sebrae, apoio \u00e0 mulher, sa\u00fade, corte de cabelo, sorteios, brindes e pula-pula, com distribui\u00e7\u00e3o de pipoca e algod\u00e3o doce.<\/p>\n<p>&#8220;Ouvir os moradores \u00e9 essencial para que possamos atender as necessidades do bairro. Estamos organizando os documentos com o cadastro social e em breve mais escrituras ser\u00e3o entregues&#8221;, finalizou o prefeito Eduardo Boigues.<\/p>\n<p>Fotos: Dayane Oliveira<\/p>\n","protected":false},"excerpt":{"rendered":"<p>A\u00e7\u00e3o levar\u00e1 ao bairro o cadastro social e uma s\u00e9rie de servi\u00e7os municipais A Secretaria de Habita\u00e7\u00e3o de Itaquaquecetuba vai promover, nesta quarta-feira (11), o &#8220;Dia D&#8221; da REURB Continuada no Jardim Itaqu\u00e1 para realiza\u00e7\u00e3o do cadastro social e de uma s\u00e9rie de servi\u00e7os gratuitos para atender a demanda dos moradores. A proposta do REURB [&hellip;]<\/p>\n","protected":false},"author":1,"featured_media":25464,"comment_status":"open","ping_status":"open","sticky":false,"template":"","format":"standard","meta":{"footnotes":""},"categories":[6],"tags":[],"class_list":{"0":"post-25463","1":"post","2":"type-post","3":"status-publish","4":"format-standard","5":"has-post-thumbnail","7":"category-itaqua"},"_links":{"self":[{"href":"https:\/\/jm-metropole.com.br\/site\/wp-json\/wp\/v2\/posts\/25463","targetHints":{"allow":["GET"]}}],"collection":[{"href":"https:\/\/jm-metropole.com.br\/site\/wp-json\/wp\/v2\/posts"}],"about":[{"href":"https:\/\/jm-metropole.com.br\/site\/wp-json\/wp\/v2\/types\/post"}],"author":[{"embeddable":true,"href":"https:\/\/jm-metropole.com.br\/site\/wp-json\/wp\/v2\/users\/1"}],"replies":[{"embeddable":true,"href":"https:\/\/jm-metropole.com.br\/site\/wp-json\/wp\/v2\/comments?post=25463"}],"version-history":[{"count":1,"href":"https:\/\/jm-metropole.com.br\/site\/wp-json\/wp\/v2\/posts\/25463\/revisions"}],"predecessor-version":[{"id":25465,"href":"https:\/\/jm-metropole.com.br\/site\/wp-json\/wp\/v2\/posts\/25463\/revisions\/25465"}],"wp:featuredmedia":[{"embeddable":true,"href":"https:\/\/jm-metropole.com.br\/site\/wp-json\/wp\/v2\/media\/25464"}],"wp:attachment":[{"href":"https:\/\/jm-metropole.com.br\/site\/wp-json\/wp\/v2\/media?parent=25463"}],"wp:term":[{"taxonomy":"category","embeddable":true,"href":"https:\/\/jm-metropole.com.br\/site\/wp-json\/wp\/v2\/categories?post=25463"},{"taxonomy":"post_tag","embeddable":true,"href":"https:\/\/jm-metropole.com.br\/site\/wp-json\/wp\/v2\/tags?post=25463"}],"curies":[{"name":"wp","href":"https:\/\/api.w.org\/{rel}","templated":true}]}}