{"id":25460,"date":"2025-06-11T14:51:35","date_gmt":"2025-06-11T17:51:35","guid":{"rendered":"https:\/\/jm-metropole.com.br\/site\/?p=25460"},"modified":"2025-06-11T14:51:35","modified_gmt":"2025-06-11T17:51:35","slug":"com-mercado-aquecido-para-o-dia-dos-namorados-procon-de-itaqua-orienta-sobre-compras-e-servicos","status":"publish","type":"post","link":"https:\/\/jm-metropole.com.br\/site\/com-mercado-aquecido-para-o-dia-dos-namorados-procon-de-itaqua-orienta-sobre-compras-e-servicos\/","title":{"rendered":"Com mercado aquecido para o Dia dos Namorados, Procon de Itaqu\u00e1 orienta sobre compras e servi\u00e7os"},"content":{"rendered":"<p>\u00d3rg\u00e3o est\u00e1 alertando consumidores sobre os cuidados na hora da compra<\/p>\n<p>Com a proximidade do Dia dos Namorados, celebrado nesta quinta-feira (12), o com\u00e9rcio de Itaquaquecetuba j\u00e1 registra aumento na movimenta\u00e7\u00e3o, impulsionado pela busca por presentes especiais. Diante disso, o Procon da cidade est\u00e1 alertando os consumidores sobre os cuidados na hora de comprar produtos e contratar servi\u00e7os.<\/p>\n<p>Al\u00e9m de escolher com aten\u00e7\u00e3o o presente ideal, quem pretende comemorar a data com um jantar fora de casa deve ficar atento a cobran\u00e7as indevidas, filas longas e pre\u00e7os elevados. A recomenda\u00e7\u00e3o \u00e9 verificar previamente se o local permite reservas e consultar valores e eventuais taxas.<\/p>\n<p>A diretora do Procon, Julia Guidini, explica que a taxa de servi\u00e7o n\u00e3o \u00e9 obrigat\u00f3ria e o couvert s\u00f3 pode ser cobrado se o consumidor for avisado com anteced\u00eancia. &#8220;\u00c9 essencial o cliente ser informado e autorizar o consumo. Estamos orientando tanto comerciantes quanto consumidores para que situa\u00e7\u00f5es indelicadas sejam evitadas.&#8221;<\/p>\n<p>&#8220;O Procon est\u00e1 nas ruas para garantir os direitos dos consumidores. Mais importante que comprar um presente rom\u00e2ntico \u00e9 garantir que a popula\u00e7\u00e3o n\u00e3o tenha transtornos no momento da compra ou depois&#8221;, acrescentou o prefeito Eduardo Boigues.<\/p>\n<p>A Funda\u00e7\u00e3o Procon estar\u00e1 no munic\u00edpio nesta quarta (11) para fiscalizar os estabelecimentos comerciais da cidade. &#8220;Nossa orienta\u00e7\u00e3o \u00e9 pesquisar os pre\u00e7os, verificar a reputa\u00e7\u00e3o das lojas e guardar os comprovantes para termos uma rela\u00e7\u00e3o de consumo segura e equilibrada&#8221;, finalizou o secret\u00e1rio de Governo, Marcello Barbosa.<\/p>\n<p>Fotos: Dayane Oliveira<\/p>\n","protected":false},"excerpt":{"rendered":"<p>\u00d3rg\u00e3o est\u00e1 alertando consumidores sobre os cuidados na hora da compra Com a proximidade do Dia dos Namorados, celebrado nesta quinta-feira (12), o com\u00e9rcio de Itaquaquecetuba j\u00e1 registra aumento na movimenta\u00e7\u00e3o, impulsionado pela busca por presentes especiais. Diante disso, o Procon da cidade est\u00e1 alertando os consumidores sobre os cuidados na hora de comprar produtos [&hellip;]<\/p>\n","protected":false},"author":1,"featured_media":25461,"comment_status":"open","ping_status":"open","sticky":false,"template":"","format":"standard","meta":{"footnotes":""},"categories":[6],"tags":[],"class_list":{"0":"post-25460","1":"post","2":"type-post","3":"status-publish","4":"format-standard","5":"has-post-thumbnail","7":"category-itaqua"},"_links":{"self":[{"href":"https:\/\/jm-metropole.com.br\/site\/wp-json\/wp\/v2\/posts\/25460","targetHints":{"allow":["GET"]}}],"collection":[{"href":"https:\/\/jm-metropole.com.br\/site\/wp-json\/wp\/v2\/posts"}],"about":[{"href":"https:\/\/jm-metropole.com.br\/site\/wp-json\/wp\/v2\/types\/post"}],"author":[{"embeddable":true,"href":"https:\/\/jm-metropole.com.br\/site\/wp-json\/wp\/v2\/users\/1"}],"replies":[{"embeddable":true,"href":"https:\/\/jm-metropole.com.br\/site\/wp-json\/wp\/v2\/comments?post=25460"}],"version-history":[{"count":1,"href":"https:\/\/jm-metropole.com.br\/site\/wp-json\/wp\/v2\/posts\/25460\/revisions"}],"predecessor-version":[{"id":25462,"href":"https:\/\/jm-metropole.com.br\/site\/wp-json\/wp\/v2\/posts\/25460\/revisions\/25462"}],"wp:featuredmedia":[{"embeddable":true,"href":"https:\/\/jm-metropole.com.br\/site\/wp-json\/wp\/v2\/media\/25461"}],"wp:attachment":[{"href":"https:\/\/jm-metropole.com.br\/site\/wp-json\/wp\/v2\/media?parent=25460"}],"wp:term":[{"taxonomy":"category","embeddable":true,"href":"https:\/\/jm-metropole.com.br\/site\/wp-json\/wp\/v2\/categories?post=25460"},{"taxonomy":"post_tag","embeddable":true,"href":"https:\/\/jm-metropole.com.br\/site\/wp-json\/wp\/v2\/tags?post=25460"}],"curies":[{"name":"wp","href":"https:\/\/api.w.org\/{rel}","templated":true}]}}