{"id":25457,"date":"2025-06-11T14:50:18","date_gmt":"2025-06-11T17:50:18","guid":{"rendered":"https:\/\/jm-metropole.com.br\/site\/?p=25457"},"modified":"2025-06-11T14:50:18","modified_gmt":"2025-06-11T17:50:18","slug":"aruja-inaugura-base-da-patrulha-maria-da-penha-e-reafirma-compromisso-com-a-protecao-as-mulheres","status":"publish","type":"post","link":"https:\/\/jm-metropole.com.br\/site\/aruja-inaugura-base-da-patrulha-maria-da-penha-e-reafirma-compromisso-com-a-protecao-as-mulheres\/","title":{"rendered":"ARUJ\u00c1 INAUGURA BASE DA PATRULHA MARIA DA PENHA E REAFIRMA COMPROMISSO COM A PROTE\u00c7\u00c3O \u00c0S MULHERES"},"content":{"rendered":"<p>A Prefeitura de Aruj\u00e1 entregou, na manh\u00e3 desta ter\u00e7a-feira (10), a nova base fixa da Patrulha Maria da Penha, instalada na Avenida Armando Col\u00e2ngelo (antiga base da GCM), em mais um passo concreto do munic\u00edpio no enfrentamento \u00e0 viol\u00eancia contra a mulher. O espa\u00e7o reformado conta com balc\u00e3o de atendimento, sala administrativa, sala de acolhimento, sala Lil\u00e1s, brinquedoteca e banheiros, garantindo mais estrutura, dignidade e humaniza\u00e7\u00e3o no atendimento \u00e0s v\u00edtimas.<\/p>\n<p>Coordenada pela Guarda Civil Municipal (GCM), a Patrulha Maria da Penha atua no per\u00edodo das 6h \u00e0s 18h, de segunda a sexta-feira, e pode ser acionada a qualquer momento pelo telefone 153 ou por meio da rede de prote\u00e7\u00e3o local \u2014 que inclui a Delegacia da Mulher (DDM), a OAB e a Secretaria de Assist\u00eancia Social. Em sua trajet\u00f3ria de 3 anos e 9 meses, a patrulha j\u00e1 realizou 5.210 atendimentos, 38 palestras preventivas e 85 pris\u00f5es.<\/p>\n<p>Durante a cerim\u00f4nia, o prefeito Luis Camargo, acompanhado da primeira-dama e presidente do Fundo Social de Solidariedade, Clau Camargo, destacou o simbolismo da entrega. \u201cO ideal seria que n\u00e3o precis\u00e1ssemos de um equipamento como este, mas enquanto for necess\u00e1rio, vamos agir com firmeza. Esta base, localizada em um dos bairros mais populosos da cidade, representa tamb\u00e9m um recado claro ao agressor: ele n\u00e3o ficar\u00e1 impune. A mulher merece acolhimento, respeito e seguran\u00e7a. Esse \u00e9 o nosso compromisso\u201d, afirmou o chefe do Executivo.<\/p>\n<p>A primeira-dama Clau Camargo, que tamb\u00e9m coordena pol\u00edticas p\u00fablicas para as mulheres em Aruj\u00e1, ressaltou a import\u00e2ncia de um atendimento humanizado e das a\u00e7\u00f5es de apoio no p\u00f3s-viol\u00eancia. \u201cSabemos que muitas mulheres permanecem em ambientes de viol\u00eancia por n\u00e3o terem renda. Por isso, o Fundo Social oferece cursos de capacita\u00e7\u00e3o para garantir a autonomia financeira e a possibilidade real de recome\u00e7o\u201d, destacou. Clau tamb\u00e9m mencionou os conv\u00eanios com institui\u00e7\u00f5es como o Instituto Natura e o projeto Acolhe, do Condemat, que garantem abrigo e prote\u00e7\u00e3o a mulheres v\u00edtimas de viol\u00eancia.<\/p>\n<p>Representando o Legislativo, a presidente da C\u00e2mara Municipal, vereadora Professora Cris, lembrou o in\u00edcio da rede de prote\u00e7\u00e3o em 2021, fruto de uma mobiliza\u00e7\u00e3o conjunta entre o Executivo e o Legislativo. \u201cEste equipamento materializa o cuidado com as mulheres arujaenses. Temos uma rede unida, pronta para agir a qualquer momento, e que garante desde o acolhimento at\u00e9 o suporte jur\u00eddico, psicol\u00f3gico e de empregabilidade\u201d, afirmou.<\/p>\n<p>O secret\u00e1rio municipal de Seguran\u00e7a P\u00fablica, Washington Adami, refor\u00e7ou a import\u00e2ncia de um espa\u00e7o fixo para acolhimento das mulheres. \u201cEra um sonho da equipe da patrulha ter um local como este. Aqui, a mulher que n\u00e3o teve seguran\u00e7a em casa, ter\u00e1 o acolhimento necess\u00e1rio para recome\u00e7ar com dignidade\u201d, disse. Ele tamb\u00e9m agradeceu \u00e0 equipe da GCM e a todos os parceiros da rede de prote\u00e7\u00e3o.<\/p>\n<p>A solenidade foi conduzida pelo cerimonialista Jo\u00e3o Batista e contou tamb\u00e9m com a presen\u00e7a do vice-prefeito Rodolfo Machado, da secret\u00e1ria de Assist\u00eancia Social Juliana Daniel, da diretora da Mulher Ana Poli, da diretora de Igualdade Racial L\u00facia Ribeiro, da escriv\u00e3 Rebeca Carvalho representando a delegada da Mulher, da OAB, al\u00e9m de vereadores, secret\u00e1rios municipais, agentes da GCM e lideran\u00e7as comunit\u00e1rias, como a presidente da Associa\u00e7\u00e3o de Moradores do Barreto, Dona Dalva.<\/p>\n<p>Como forma de reconhecimento, as mulheres da GCM que atuam na Patrulha \u2014 Lucena, Louren\u00e7o e Fabi \u2014 receberam flores, em um gesto simb\u00f3lico de respeito, gratid\u00e3o e apoio ao trabalho de prote\u00e7\u00e3o \u00e0s mulheres da cidade. A primeira-dama Clau Camargo e as demais mulheres presentes, tamb\u00e9m receberam a homenagem.<\/p>\n","protected":false},"excerpt":{"rendered":"<p>A Prefeitura de Aruj\u00e1 entregou, na manh\u00e3 desta ter\u00e7a-feira (10), a nova base fixa da Patrulha Maria da Penha, instalada na Avenida Armando Col\u00e2ngelo (antiga base da GCM), em mais um passo concreto do munic\u00edpio no enfrentamento \u00e0 viol\u00eancia contra a mulher. O espa\u00e7o reformado conta com balc\u00e3o de atendimento, sala administrativa, sala de acolhimento, [&hellip;]<\/p>\n","protected":false},"author":1,"featured_media":25458,"comment_status":"open","ping_status":"open","sticky":false,"template":"","format":"standard","meta":{"footnotes":""},"categories":[4],"tags":[],"class_list":{"0":"post-25457","1":"post","2":"type-post","3":"status-publish","4":"format-standard","5":"has-post-thumbnail","7":"category-aruja"},"_links":{"self":[{"href":"https:\/\/jm-metropole.com.br\/site\/wp-json\/wp\/v2\/posts\/25457","targetHints":{"allow":["GET"]}}],"collection":[{"href":"https:\/\/jm-metropole.com.br\/site\/wp-json\/wp\/v2\/posts"}],"about":[{"href":"https:\/\/jm-metropole.com.br\/site\/wp-json\/wp\/v2\/types\/post"}],"author":[{"embeddable":true,"href":"https:\/\/jm-metropole.com.br\/site\/wp-json\/wp\/v2\/users\/1"}],"replies":[{"embeddable":true,"href":"https:\/\/jm-metropole.com.br\/site\/wp-json\/wp\/v2\/comments?post=25457"}],"version-history":[{"count":1,"href":"https:\/\/jm-metropole.com.br\/site\/wp-json\/wp\/v2\/posts\/25457\/revisions"}],"predecessor-version":[{"id":25459,"href":"https:\/\/jm-metropole.com.br\/site\/wp-json\/wp\/v2\/posts\/25457\/revisions\/25459"}],"wp:featuredmedia":[{"embeddable":true,"href":"https:\/\/jm-metropole.com.br\/site\/wp-json\/wp\/v2\/media\/25458"}],"wp:attachment":[{"href":"https:\/\/jm-metropole.com.br\/site\/wp-json\/wp\/v2\/media?parent=25457"}],"wp:term":[{"taxonomy":"category","embeddable":true,"href":"https:\/\/jm-metropole.com.br\/site\/wp-json\/wp\/v2\/categories?post=25457"},{"taxonomy":"post_tag","embeddable":true,"href":"https:\/\/jm-metropole.com.br\/site\/wp-json\/wp\/v2\/tags?post=25457"}],"curies":[{"name":"wp","href":"https:\/\/api.w.org\/{rel}","templated":true}]}}