{"id":25454,"date":"2025-06-11T05:27:09","date_gmt":"2025-06-11T08:27:09","guid":{"rendered":"https:\/\/jm-metropole.com.br\/site\/?p=25454"},"modified":"2025-06-11T05:27:09","modified_gmt":"2025-06-11T08:27:09","slug":"camara-aprova-cancelamento-digital-de-contribuicao-sindical","status":"publish","type":"post","link":"https:\/\/jm-metropole.com.br\/site\/camara-aprova-cancelamento-digital-de-contribuicao-sindical\/","title":{"rendered":"C\u00e2mara aprova cancelamento digital de contribui\u00e7\u00e3o sindical"},"content":{"rendered":"<div class=\"header-noticia full-width\">\n<div class=\"linha-fina-noticia\">Proposta que modifica a CLT ainda ser\u00e1 analisada pelo Senado<\/div>\n<\/div>\n<div class=\"container-autoria\"><\/div>\n<div>\n<div class=\"subheader\">\n<div class=\"container-autoria\">\n<p>A\u00a0<strong>C\u00e2mara dos Deputados aprovou nesta ter\u00e7a-feira (10) um projeto de Lei (PL) 1663\/2023 que revoga artigos da Consolida\u00e7\u00e3o das Leis do Trabalho (CLT), considerados desatualizados<\/strong>.\u00a0<strong>A proposta tamb\u00e9m incluiu mecanismos digitais para que cancelamento de contribui\u00e7\u00e3o sindical.<\/strong>\u00a0A mat\u00e9ria ser\u00e1 analisada pelo\u00a0Senado.<img decoding=\"async\" src=\"https:\/\/agenciabrasil.ebc.com.br\/ebc.png?id=1646304&amp;o=node\" \/><img decoding=\"async\" src=\"https:\/\/agenciabrasil.ebc.com.br\/ebc.gif?id=1646304&amp;o=node\" \/><\/p>\n<p><strong>Pela proposta, o cancelamento da contribui\u00e7\u00e3o sindical poder\u00e1 ser feito digitalmente mediante portais ou aplicativos oficiais do Governo Federal, como o \u201cgov.br\u201d; plataformas digitais oferecidas pelos sindicatos, desde que atendam aos crit\u00e9rios de seguran\u00e7a da informa\u00e7\u00e3o estabelecidos por regulamenta\u00e7\u00e3o pr\u00f3pria; aplicativos de empresas privadas autorizadas, que ofere\u00e7am servi\u00e7os de autentica\u00e7\u00e3o digital; e encaminhamento de e-mail para o sindicato comunicando o pedido de cancelamento da contribui\u00e7\u00e3o sindical.<\/strong><\/p>\n<p>O Deputado H\u00e9lder Salom\u00e3o (PT-ES) criticou a medida e apontou que ela tem por objetivo fragilizar as organiza\u00e7\u00f5es sindicais e a luta dos trabalhadores.<\/p>\n<blockquote><p>\u201cIsso s\u00f3 serve para aqueles que querem voltar ao tempo do trabalho escravo, quando os trabalhadores n\u00e3o podiam se unir para reivindicar os seus direitos. Isso tem o objetivo de fragilizar a luta dos trabalhadores que s\u00e3o massacrados e explorados no nosso pa\u00eds\u201d, criticou.<\/p><\/blockquote>\n<p>O cancelamento da contribui\u00e7\u00e3o sindical foi aprovado com uma emenda do deputado Rodrigo Valadares (Uni\u00e3o-SE). Ele\u00a0citou a reforma trabalhista de 2017, que tornou facultativo o pagamento da contribui\u00e7\u00e3o sindical, dependendo de autoriza\u00e7\u00e3o expressa do trabalhador.<\/p>\n<blockquote><p>\u201cA digitaliza\u00e7\u00e3o dos processos administrativos tem se mostrado uma solu\u00e7\u00e3o eficaz para reduzir a burocracia e aumentar a efici\u00eancia das rela\u00e7\u00f5es entre o cidad\u00e3o e as institui\u00e7\u00f5es\u201d, justificou.<\/p><\/blockquote>\n<p>Al\u00e9m do cancelamento digital,<strong>\u00a0tamb\u00e9m foram\u00a0revogados outros pontos da CLT relativos \u00e0 organiza\u00e7\u00e3o sindical, como a cria\u00e7\u00e3o de sindicatos em distritos e a defini\u00e7\u00e3o da base territorial da entidade por parte do Minist\u00e9rio do Trabalho, assim como a necessidade de autoriza\u00e7\u00e3o da pasta para a cria\u00e7\u00e3o de sindicato nacional.<\/strong><\/p>\n<p>Outro ponto revogado foi o que determinava regula\u00e7\u00e3o por parte do minist\u00e9rio de mecanismos para organiza\u00e7\u00e3o do sindicato, como dura\u00e7\u00e3o do mandato da diretoria e reuni\u00e3o de, pelo menos, um ter\u00e7o\u00a0da categoria para o registro sindical.<\/p>\n<p>As atribui\u00e7\u00f5es das juntas de concilia\u00e7\u00e3o, que foram extintas, foram remetidas para as varas trabalhistas.<\/p>\n<\/div>\n<\/div>\n<\/div>\n","protected":false},"excerpt":{"rendered":"<p>Proposta que modifica a CLT ainda ser\u00e1 analisada pelo Senado A\u00a0C\u00e2mara dos Deputados aprovou nesta ter\u00e7a-feira (10) um projeto de Lei (PL) 1663\/2023 que revoga artigos da Consolida\u00e7\u00e3o das Leis do Trabalho (CLT), considerados desatualizados.\u00a0A proposta tamb\u00e9m incluiu mecanismos digitais para que cancelamento de contribui\u00e7\u00e3o sindical.\u00a0A mat\u00e9ria ser\u00e1 analisada pelo\u00a0Senado. Pela proposta, o cancelamento da [&hellip;]<\/p>\n","protected":false},"author":1,"featured_media":25455,"comment_status":"open","ping_status":"open","sticky":false,"template":"","format":"standard","meta":{"footnotes":""},"categories":[1],"tags":[],"class_list":{"0":"post-25454","1":"post","2":"type-post","3":"status-publish","4":"format-standard","5":"has-post-thumbnail","7":"category-tudo"},"_links":{"self":[{"href":"https:\/\/jm-metropole.com.br\/site\/wp-json\/wp\/v2\/posts\/25454","targetHints":{"allow":["GET"]}}],"collection":[{"href":"https:\/\/jm-metropole.com.br\/site\/wp-json\/wp\/v2\/posts"}],"about":[{"href":"https:\/\/jm-metropole.com.br\/site\/wp-json\/wp\/v2\/types\/post"}],"author":[{"embeddable":true,"href":"https:\/\/jm-metropole.com.br\/site\/wp-json\/wp\/v2\/users\/1"}],"replies":[{"embeddable":true,"href":"https:\/\/jm-metropole.com.br\/site\/wp-json\/wp\/v2\/comments?post=25454"}],"version-history":[{"count":1,"href":"https:\/\/jm-metropole.com.br\/site\/wp-json\/wp\/v2\/posts\/25454\/revisions"}],"predecessor-version":[{"id":25456,"href":"https:\/\/jm-metropole.com.br\/site\/wp-json\/wp\/v2\/posts\/25454\/revisions\/25456"}],"wp:featuredmedia":[{"embeddable":true,"href":"https:\/\/jm-metropole.com.br\/site\/wp-json\/wp\/v2\/media\/25455"}],"wp:attachment":[{"href":"https:\/\/jm-metropole.com.br\/site\/wp-json\/wp\/v2\/media?parent=25454"}],"wp:term":[{"taxonomy":"category","embeddable":true,"href":"https:\/\/jm-metropole.com.br\/site\/wp-json\/wp\/v2\/categories?post=25454"},{"taxonomy":"post_tag","embeddable":true,"href":"https:\/\/jm-metropole.com.br\/site\/wp-json\/wp\/v2\/tags?post=25454"}],"curies":[{"name":"wp","href":"https:\/\/api.w.org\/{rel}","templated":true}]}}