{"id":25448,"date":"2025-06-11T05:21:29","date_gmt":"2025-06-11T08:21:29","guid":{"rendered":"https:\/\/jm-metropole.com.br\/site\/?p=25448"},"modified":"2025-06-11T05:21:29","modified_gmt":"2025-06-11T08:21:29","slug":"encontro-entre-agentes-culturais-e-governos-municipal-e-estadual-acontece-em-guarulhos-nesta-quarta-feira","status":"publish","type":"post","link":"https:\/\/jm-metropole.com.br\/site\/encontro-entre-agentes-culturais-e-governos-municipal-e-estadual-acontece-em-guarulhos-nesta-quarta-feira\/","title":{"rendered":"Encontro entre agentes culturais e governos municipal e estadual acontece em Guarulhos nesta quarta-feira"},"content":{"rendered":"<p>Nesta quarta-feira (11) Guarulhos recebe o GIRO PRO: Laborat\u00f3rio de Futuros, uma iniciativa do Governo do Estado de S\u00e3o Paulo em parceria com a Prefeitura de Guarulhos, que pretende fortalecer as rela\u00e7\u00f5es entre os agentes culturais da cidade e as esferas institucionais atrav\u00e9s de uma roda de conversa. O evento \u00e9 aberto ao p\u00fablico e acontece no Sal\u00e3o de Artes do Adamastor \u00e0s 18h30.<\/p>\n<p>\u201c\u00c9 muito importante que os representantes dos mais diversos setores compare\u00e7am ao evento para expressar seus desejos e ideais para o futuro do desenvolvimento cultural da nossa cidade. Ser\u00e1 um espa\u00e7o de di\u00e1logo com as secretarias de cultura municipal e estadual e a participa\u00e7\u00e3o popular abre caminho para melhorias\u201d, comentou o secret\u00e1rio municipal, Jo\u00e3o Vaz.<\/p>\n<p>O p\u00fablico-alvo do evento inclui os fazedores de arte guarulhenses de diversas \u00e1reas como artes c\u00eanicas, audiovisual, m\u00fasica, artes visuais, literatura, patrim\u00f4nio hist\u00f3rico, dan\u00e7a, associa\u00e7\u00f5es culturais e outros.<\/p>\n<p>Escolas de Profissionais da Cultura<\/p>\n<p>O Giro PRO \u00e9 realizado pelo programa CULTSP PRO &#8211; Escolas de Profissionais da Cultura do Governo de S\u00e3o Paulo, que tamb\u00e9m oferece cursos gratuitos de forma\u00e7\u00e3o cultural. Gra\u00e7as \u00e0 parceria com a municipalidade, Guarulhos recebe at\u00e9 o dia 1 de junho as inscri\u00e7\u00f5es para duas forma\u00e7\u00f5es: Participa\u00e7\u00e3o Social e Desenvolvimento pela Cultura e Elabora\u00e7\u00e3o e Articula\u00e7\u00e3o de Projetos Culturais. Os interessados, desde que maiores de 16 anos, devem preencher o formul\u00e1rio dispon\u00edvel no site https:\/\/docs.google.com\/forms\/d\/e\/1FAIpQLScyFyYlDduvFosxuyIGZ15Va5FO-d2Pji93lBymfZTlx6gxBw\/viewform.<\/p>\n<p>Servi\u00e7o<\/p>\n<p>GIRO PRO: Laborat\u00f3rio de Futuros Guarulhos:<br \/>\n11 de junho, \u00e0s 18h30<br \/>\nCentro Educacional Adamastor (Avenida Monteiro Lobato, 734 &#8211; Macedo)<\/p>\n","protected":false},"excerpt":{"rendered":"<p>Nesta quarta-feira (11) Guarulhos recebe o GIRO PRO: Laborat\u00f3rio de Futuros, uma iniciativa do Governo do Estado de S\u00e3o Paulo em parceria com a Prefeitura de Guarulhos, que pretende fortalecer as rela\u00e7\u00f5es entre os agentes culturais da cidade e as esferas institucionais atrav\u00e9s de uma roda de conversa. O evento \u00e9 aberto ao p\u00fablico e [&hellip;]<\/p>\n","protected":false},"author":1,"featured_media":25449,"comment_status":"open","ping_status":"open","sticky":false,"template":"","format":"standard","meta":{"footnotes":""},"categories":[3],"tags":[],"class_list":{"0":"post-25448","1":"post","2":"type-post","3":"status-publish","4":"format-standard","5":"has-post-thumbnail","7":"category-guarulhos"},"_links":{"self":[{"href":"https:\/\/jm-metropole.com.br\/site\/wp-json\/wp\/v2\/posts\/25448","targetHints":{"allow":["GET"]}}],"collection":[{"href":"https:\/\/jm-metropole.com.br\/site\/wp-json\/wp\/v2\/posts"}],"about":[{"href":"https:\/\/jm-metropole.com.br\/site\/wp-json\/wp\/v2\/types\/post"}],"author":[{"embeddable":true,"href":"https:\/\/jm-metropole.com.br\/site\/wp-json\/wp\/v2\/users\/1"}],"replies":[{"embeddable":true,"href":"https:\/\/jm-metropole.com.br\/site\/wp-json\/wp\/v2\/comments?post=25448"}],"version-history":[{"count":1,"href":"https:\/\/jm-metropole.com.br\/site\/wp-json\/wp\/v2\/posts\/25448\/revisions"}],"predecessor-version":[{"id":25450,"href":"https:\/\/jm-metropole.com.br\/site\/wp-json\/wp\/v2\/posts\/25448\/revisions\/25450"}],"wp:featuredmedia":[{"embeddable":true,"href":"https:\/\/jm-metropole.com.br\/site\/wp-json\/wp\/v2\/media\/25449"}],"wp:attachment":[{"href":"https:\/\/jm-metropole.com.br\/site\/wp-json\/wp\/v2\/media?parent=25448"}],"wp:term":[{"taxonomy":"category","embeddable":true,"href":"https:\/\/jm-metropole.com.br\/site\/wp-json\/wp\/v2\/categories?post=25448"},{"taxonomy":"post_tag","embeddable":true,"href":"https:\/\/jm-metropole.com.br\/site\/wp-json\/wp\/v2\/tags?post=25448"}],"curies":[{"name":"wp","href":"https:\/\/api.w.org\/{rel}","templated":true}]}}