{"id":25439,"date":"2025-06-10T16:48:29","date_gmt":"2025-06-10T19:48:29","guid":{"rendered":"https:\/\/jm-metropole.com.br\/site\/?p=25439"},"modified":"2025-06-10T16:48:29","modified_gmt":"2025-06-10T19:48:29","slug":"ao-stf-bolsonaro-nega-ter-cogitado-plano-de-golpe-de-estado","status":"publish","type":"post","link":"https:\/\/jm-metropole.com.br\/site\/ao-stf-bolsonaro-nega-ter-cogitado-plano-de-golpe-de-estado\/","title":{"rendered":"Ao STF, Bolsonaro nega ter cogitado plano de golpe de Estado"},"content":{"rendered":"<div class=\"header-noticia full-width\">\n<div class=\"linha-fina-noticia\">Ex-presidente afirma que nunca tomou medidas contra a Constitui\u00e7\u00e3o<\/div>\n<\/div>\n<div class=\"container-autoria\"><\/div>\n<div>\n<p><strong>O ex-presidente Jair Bolsonaro negou nesta ter\u00e7a-feira (10) ter cogitado dar um golpe de Estado no Brasil durante o\u00a0governo dele.<\/strong>\u00a0Durante depoimento ao ministro Alexandre de Moraes, do Supremo Tribunal Federal (STF), o ex-presidente tamb\u00e9m disse que a medida seria danosa para o Brasil.<img decoding=\"async\" src=\"https:\/\/agenciabrasil.ebc.com.br\/ebc.png?id=1646242&amp;o=node\" \/><img decoding=\"async\" src=\"https:\/\/agenciabrasil.ebc.com.br\/ebc.gif?id=1646242&amp;o=node\" \/><\/p>\n<p>O ex-presidente est\u00e1 sendo ouvido\u00a0nesta tarde na condi\u00e7\u00e3o de r\u00e9u da a\u00e7\u00e3o de uma\u00a0trama golpista e foi confrontado com as acusa\u00e7\u00f5es de que teria planejado medidas inconstitucionais para tentar reverter o resultado das elei\u00e7\u00f5es de 2022 e impedir a posse do presidente Luiz In\u00e1cio Lula da Silva.<\/p>\n<p><strong>Bolsonaro afirmou que a possibilidade de golpe de Estado nunca foi discutida em seu governo.<\/strong><\/p>\n<blockquote><p>&#8220;Da minha parte, nunca se falou em golpe. Golpe \u00e9 abomin\u00e1vel. O golpe at\u00e9 seria f\u00e1cil come\u00e7ar. O afterday \u00e9 imprevis\u00edvel e danoso para todo mundo. O Brasil n\u00e3o poderia passar por uma experi\u00eancia dessa. N\u00e3o foi sequer cogitada essa hip\u00f3tese de golpe no meu governo&#8221;, afirmou.<\/p><\/blockquote>\n<p><a href=\"https:\/\/www.whatsapp.com\/channel\/0029VaoRTgrInlqYLSk59B2M\" target=\"_blank\" rel=\"noopener\">&gt;&gt; Siga o canal da<strong>\u00a0Ag\u00eancia Brasil\u00a0<\/strong>no WhatsApp<\/a><\/p>\n<h2>Minuta do golpe<\/h2>\n<p>Bolsonaro tamb\u00e9m negou ter feito uma minuta de golpe para justificar a interven\u00e7\u00e3o militar ap\u00f3s as elei\u00e7\u00f5es de 2022.<\/p>\n<p>Nesta segunda-feira (9), o ex-ajudante de ordens de Bolsonaro,<strong>\u00a0tenente-coronel Mauro Cid,\u00a0 foi interrogado por Moraes na condi\u00e7\u00e3o de delator e disse que o ex-presidente presenciou a apresenta\u00e7\u00e3o do documento golpista<\/strong>, enxugou o texto original e prop\u00f4s altera\u00e7\u00f5es para constar a possibilidade de pris\u00e3o de ministros.<\/p>\n<p>&#8220;N\u00e3o procede o enxugamento. As informa\u00e7\u00f5es que eu tenho \u00e9 de que n\u00e3o tem cabe\u00e7alho nem o fecho [parte final]&#8221;, comentou<\/p>\n<p>O ex-presidente tamb\u00e9m reiterou que nunca tomou medidas contra a Constitui\u00e7\u00e3o.<\/p>\n<p>&#8220;Da minha parte, eu sempre tive o lado da Constitui\u00e7\u00e3o. Refuto qualquer possibilidade de falar em minuta de golpe e uma minuta n\u00e3o esteja enquadrada na Constitui\u00e7\u00e3o&#8221;, completou.<\/p>\n<p>O interrogat\u00f3rio de Bolsonaro deve prosseguir at\u00e9 \u00e0s 20h. Durante a oitiva, o procurador-geral da Rep\u00fablica, Paulo Gonet, e as defesas dos demais acusados tamb\u00e9m poder\u00e3o fazer perguntas ao ex-presidente.<\/p>\n<p>O ex-presidente e mais sete r\u00e9us fazem parte do n\u00facleo 1 da den\u00fancia apresentada pela Procuradoria-Geral da Rep\u00fablica (PGR) contra os acusados pela trama golpista.<\/p>\n<p>*Com informa\u00e7\u00e3o de Ag\u00eancia Brasil<\/p>\n<\/div>\n","protected":false},"excerpt":{"rendered":"<p>Ex-presidente afirma que nunca tomou medidas contra a Constitui\u00e7\u00e3o O ex-presidente Jair Bolsonaro negou nesta ter\u00e7a-feira (10) ter cogitado dar um golpe de Estado no Brasil durante o\u00a0governo dele.\u00a0Durante depoimento ao ministro Alexandre de Moraes, do Supremo Tribunal Federal (STF), o ex-presidente tamb\u00e9m disse que a medida seria danosa para o Brasil. O ex-presidente est\u00e1 [&hellip;]<\/p>\n","protected":false},"author":1,"featured_media":25440,"comment_status":"open","ping_status":"open","sticky":false,"template":"","format":"standard","meta":{"footnotes":""},"categories":[1],"tags":[],"class_list":{"0":"post-25439","1":"post","2":"type-post","3":"status-publish","4":"format-standard","5":"has-post-thumbnail","7":"category-tudo"},"_links":{"self":[{"href":"https:\/\/jm-metropole.com.br\/site\/wp-json\/wp\/v2\/posts\/25439","targetHints":{"allow":["GET"]}}],"collection":[{"href":"https:\/\/jm-metropole.com.br\/site\/wp-json\/wp\/v2\/posts"}],"about":[{"href":"https:\/\/jm-metropole.com.br\/site\/wp-json\/wp\/v2\/types\/post"}],"author":[{"embeddable":true,"href":"https:\/\/jm-metropole.com.br\/site\/wp-json\/wp\/v2\/users\/1"}],"replies":[{"embeddable":true,"href":"https:\/\/jm-metropole.com.br\/site\/wp-json\/wp\/v2\/comments?post=25439"}],"version-history":[{"count":1,"href":"https:\/\/jm-metropole.com.br\/site\/wp-json\/wp\/v2\/posts\/25439\/revisions"}],"predecessor-version":[{"id":25441,"href":"https:\/\/jm-metropole.com.br\/site\/wp-json\/wp\/v2\/posts\/25439\/revisions\/25441"}],"wp:featuredmedia":[{"embeddable":true,"href":"https:\/\/jm-metropole.com.br\/site\/wp-json\/wp\/v2\/media\/25440"}],"wp:attachment":[{"href":"https:\/\/jm-metropole.com.br\/site\/wp-json\/wp\/v2\/media?parent=25439"}],"wp:term":[{"taxonomy":"category","embeddable":true,"href":"https:\/\/jm-metropole.com.br\/site\/wp-json\/wp\/v2\/categories?post=25439"},{"taxonomy":"post_tag","embeddable":true,"href":"https:\/\/jm-metropole.com.br\/site\/wp-json\/wp\/v2\/tags?post=25439"}],"curies":[{"name":"wp","href":"https:\/\/api.w.org\/{rel}","templated":true}]}}