{"id":25430,"date":"2025-06-10T16:28:34","date_gmt":"2025-06-10T19:28:34","guid":{"rendered":"https:\/\/jm-metropole.com.br\/site\/?p=25430"},"modified":"2025-06-10T16:28:34","modified_gmt":"2025-06-10T19:28:34","slug":"estudantes-participam-de-oficinas-da-prefeitura-sobre-praticas-inclusivas-de-pcds","status":"publish","type":"post","link":"https:\/\/jm-metropole.com.br\/site\/estudantes-participam-de-oficinas-da-prefeitura-sobre-praticas-inclusivas-de-pcds\/","title":{"rendered":"Estudantes participam de oficinas da Prefeitura sobre pr\u00e1ticas inclusivas de PCDs"},"content":{"rendered":"<p>A Subsecretaria de Acessibilidade e Inclus\u00e3o realizou duas oficinas do projeto Inclus\u00e3o sem Barreiras nesta ter\u00e7a-feira (10) e na segunda-feira (9) para turmas de alunos do curso de Aprendizagem do Senac, que integra o Projeto Jovem Aprendiz, em seu audit\u00f3rio, no Macedo. A a\u00e7\u00e3o da pasta, integrante da Secretaria de Direitos Humanos, oferece informa\u00e7\u00f5es, orienta\u00e7\u00f5es e esclarecimentos sobre acolhimento, pr\u00e1ticas inclusivas de pessoas com defici\u00eancia (PCD) e de combate ao capacitismo (discrimina\u00e7\u00e3o e preconceito contra PCD).<\/p>\n<p>\u201cFicamos muito felizes em falar sobre inclus\u00e3o e acessibilidade para jovens que est\u00e3o se formando para o mercado de trabalho. Essa conscientiza\u00e7\u00e3o \u00e9 essencial para formar profissionais que colocar\u00e3o a empatia em pr\u00e1tica\u201d, afirmou a subsecret\u00e1ria Mayara Maia.<\/p>\n<p>O projeto se desenvolve por meio de uma palestra informativa e de sensibiliza\u00e7\u00f5es com v\u00eddeos sobre situa\u00e7\u00f5es cotidianas enfrentadas por pessoas com defici\u00eancia e o comportamento de pessoas que tentam auxili\u00e1-las espontaneamente, e de viv\u00eancias com jogos adaptados.<\/p>\n<p>O projeto Inclus\u00e3o sem Barreiras \u00e9 destinado \u00e0s institui\u00e7\u00f5es de ensino e empresas, que podem obter mais informa\u00e7\u00f5es pelos telefones (11) 2422-7376 e 2414-3685.<\/p>\n<p>&nbsp;<\/p>\n","protected":false},"excerpt":{"rendered":"<p>A Subsecretaria de Acessibilidade e Inclus\u00e3o realizou duas oficinas do projeto Inclus\u00e3o sem Barreiras nesta ter\u00e7a-feira (10) e na segunda-feira (9) para turmas de alunos do curso de Aprendizagem do Senac, que integra o Projeto Jovem Aprendiz, em seu audit\u00f3rio, no Macedo. A a\u00e7\u00e3o da pasta, integrante da Secretaria de Direitos Humanos, oferece informa\u00e7\u00f5es, orienta\u00e7\u00f5es [&hellip;]<\/p>\n","protected":false},"author":1,"featured_media":25431,"comment_status":"open","ping_status":"open","sticky":false,"template":"","format":"standard","meta":{"footnotes":""},"categories":[3],"tags":[],"class_list":{"0":"post-25430","1":"post","2":"type-post","3":"status-publish","4":"format-standard","5":"has-post-thumbnail","7":"category-guarulhos"},"_links":{"self":[{"href":"https:\/\/jm-metropole.com.br\/site\/wp-json\/wp\/v2\/posts\/25430","targetHints":{"allow":["GET"]}}],"collection":[{"href":"https:\/\/jm-metropole.com.br\/site\/wp-json\/wp\/v2\/posts"}],"about":[{"href":"https:\/\/jm-metropole.com.br\/site\/wp-json\/wp\/v2\/types\/post"}],"author":[{"embeddable":true,"href":"https:\/\/jm-metropole.com.br\/site\/wp-json\/wp\/v2\/users\/1"}],"replies":[{"embeddable":true,"href":"https:\/\/jm-metropole.com.br\/site\/wp-json\/wp\/v2\/comments?post=25430"}],"version-history":[{"count":1,"href":"https:\/\/jm-metropole.com.br\/site\/wp-json\/wp\/v2\/posts\/25430\/revisions"}],"predecessor-version":[{"id":25432,"href":"https:\/\/jm-metropole.com.br\/site\/wp-json\/wp\/v2\/posts\/25430\/revisions\/25432"}],"wp:featuredmedia":[{"embeddable":true,"href":"https:\/\/jm-metropole.com.br\/site\/wp-json\/wp\/v2\/media\/25431"}],"wp:attachment":[{"href":"https:\/\/jm-metropole.com.br\/site\/wp-json\/wp\/v2\/media?parent=25430"}],"wp:term":[{"taxonomy":"category","embeddable":true,"href":"https:\/\/jm-metropole.com.br\/site\/wp-json\/wp\/v2\/categories?post=25430"},{"taxonomy":"post_tag","embeddable":true,"href":"https:\/\/jm-metropole.com.br\/site\/wp-json\/wp\/v2\/tags?post=25430"}],"curies":[{"name":"wp","href":"https:\/\/api.w.org\/{rel}","templated":true}]}}